{"id":3706,"date":"2025-01-15T03:06:41","date_gmt":"2025-01-15T03:06:41","guid":{"rendered":"https:\/\/haberbesiktas.tr\/?p=3706"},"modified":"2025-01-15T03:06:41","modified_gmt":"2025-01-15T03:06:41","slug":"iste-gabriel-saranin-kaciracagi-maclar","status":"publish","type":"post","link":"https:\/\/haberbesiktas.tr\/?p=3706","title":{"rendered":"\u0130\u015fte Gabriel Sara&#8217;n\u0131n ka\u00e7\u0131raca\u011f\u0131 ma\u00e7lar"},"content":{"rendered":"<div>Galatasaray&#8217;\u0131n bu d\u00f6nem en tesirli isimlerinden biri olan Gabriel Sara&#8217;dan mak\u00fbs haber geldi. Sar\u0131-k\u0131rm\u0131z\u0131l\u0131lar\u0131n Brezilyal\u0131 y\u0131ld\u0131z\u0131 Ba\u015fak\u015fehir ile oynanan T\u00fcrkiye Kupas\u0131 ma\u00e7\u0131nda sakatland\u0131.<\/p>\n<p> Sar\u0131-k\u0131rm\u0131z\u0131l\u0131lardan Sara&#8217;n\u0131n sakatl\u0131\u011f\u0131na ait yap\u0131lan a\u00e7\u0131klamada, &#8220;Ziraat T\u00fcrkiye Kupas\u0131 1. haftas\u0131ndaki RAMS Ba\u015fak\u015fehir m\u00fcsabakas\u0131nda sa\u011f diz i\u00e7 yan ba\u011flar\u0131nda a\u011fr\u0131 hisseden Gabriel Sara&#8217;n\u0131n sponsor hastanemiz Medicana&#8217;da yap\u0131lan MR tetkiklerinde sa\u011f diz i\u00e7 yan ba\u011flar\u0131nda orta seviyede zorlanma ve kanama tespit edilmi\u015f olup oyuncumuzun tedavisine ba\u015flanm\u0131\u015ft\u0131r. Futbolcumuzun alanlara geri d\u00f6n\u00fc\u015f m\u00fcddetiyle ilgili kul\u00fcb\u00fcm\u00fcz ve s\u0131hhat grubumuz taraf\u0131ndan rastgele bir vakit verilmemi\u015f olup, a\u011f\u0131r ma\u00e7 takvimi i\u00e7erisinde klinik seyrine nazaran hareket edilecektir.&#8221; tabirleri yer ald\u0131.<\/p>\n<p> H\u00fcrriyet&#8217;te yer alan habere nazaran, Gabriel Sara&#8217;n\u0131n 2 hafta alanlardan uzak kalmas\u0131 bekleniyor.<\/p>\n<p> 25 ya\u015f\u0131ndaki futbolcunun ligde oynanacak Ba\u015fak\u015fehir ve Hatayspor ma\u00e7lar\u0131nda forma giymesi beklenmiyor. Sara, Galatasaray&#8217;\u0131n 21 Ocak&#8217;ta oynayaca\u011f\u0131 Dinamo Kiev ma\u00e7\u0131na yeti\u015ftirilmeye \u00e7al\u0131\u015f\u0131lacak.\u00a0<\/p>\n<div>\u00a0<\/div>\n<\/div>\n","protected":false},"excerpt":{"rendered":"<p>Galatasaray&#8217;da sakatlanan Gabriel Sara&#8217;n\u0131n alanlara d\u00f6nece\u011fi tarih muhakkak oldu.<\/p>\n","protected":false},"author":1,"featured_media":3707,"comment_status":"open","ping_status":"open","sticky":false,"template":"","format":"standard","meta":{"footnotes":""},"categories":[25],"tags":[],"class_list":["post-3706","post","type-post","status-publish","format-standard","has-post-thumbnail","hentry","category-futbol"],"_links":{"self":[{"href":"https:\/\/haberbesiktas.tr\/index.php?rest_route=\/wp\/v2\/posts\/3706","targetHints":{"allow":["GET"]}}],"collection":[{"href":"https:\/\/haberbesiktas.tr\/index.php?rest_route=\/wp\/v2\/posts"}],"about":[{"href":"https:\/\/haberbesiktas.tr\/index.php?rest_route=\/wp\/v2\/types\/post"}],"author":[{"embeddable":true,"href":"https:\/\/haberbesiktas.tr\/index.php?rest_route=\/wp\/v2\/users\/1"}],"replies":[{"embeddable":true,"href":"https:\/\/haberbesiktas.tr\/index.php?rest_route=%2Fwp%2Fv2%2Fcomments&post=3706"}],"version-history":[{"count":1,"href":"https:\/\/haberbesiktas.tr\/index.php?rest_route=\/wp\/v2\/posts\/3706\/revisions"}],"predecessor-version":[{"id":3708,"href":"https:\/\/haberbesiktas.tr\/index.php?rest_route=\/wp\/v2\/posts\/3706\/revisions\/3708"}],"wp:featuredmedia":[{"embeddable":true,"href":"https:\/\/haberbesiktas.tr\/index.php?rest_route=\/wp\/v2\/media\/3707"}],"wp:attachment":[{"href":"https:\/\/haberbesiktas.tr\/index.php?rest_route=%2Fwp%2Fv2%2Fmedia&parent=3706"}],"wp:term":[{"taxonomy":"category","embeddable":true,"href":"https:\/\/haberbesiktas.tr\/index.php?rest_route=%2Fwp%2Fv2%2Fcategories&post=3706"},{"taxonomy":"post_tag","embeddable":true,"href":"https:\/\/haberbesiktas.tr\/index.php?rest_route=%2Fwp%2Fv2%2Ftags&post=3706"}],"curies":[{"name":"wp","href":"https:\/\/api.w.org\/{rel}","templated":true}]}}