{"id":37130,"date":"2025-06-13T14:48:10","date_gmt":"2025-06-13T14:48:10","guid":{"rendered":"https:\/\/haberbesiktas.tr\/?p=37130"},"modified":"2025-06-13T14:48:10","modified_gmt":"2025-06-13T14:48:10","slug":"fred-icin-derbi-karari-bugun","status":"publish","type":"post","link":"https:\/\/haberbesiktas.tr\/?p=37130","title":{"rendered":"Fred i\u00e7in derbi karar\u0131 bug\u00fcn!"},"content":{"rendered":"<div>Ya\u015fad\u0131\u011f\u0131 sakatl\u0131k nedeniyle Bodrum FK ma\u00e7\u0131n\u0131 ka\u00e7\u0131ran Fred, Galatasaray derbisinde forma istiyor. S\u0131hhat heyeti Brezilyal\u0131 oyuncunun Kad\u0131k\u00f6y&#8217;de oynanacak olan derbiye yeti\u015fmesi i\u00e7in adeta seferberlik ilan ederken, futbolcu da oynamay\u0131 d\u00f6rt g\u00f6zle bekliyor.<\/p>\n<p> Fred&#8217;in birinci 11&#8217;de alana \u00e7\u0131kmas\u0131 %75&#8217;lik bir ihtimal olarak g\u00f6r\u00fcl\u00fcrken, yap\u0131lacak son antrenmanlar\u0131n akabinde Jose Mourinho, Fred&#8217;in oynay\u0131p oynamamas\u0131na karar verecek.<\/p>\n<p><strong>PERFORMANSI<\/strong><\/p>\n<p>Bu d\u00f6nem Fenerbah\u00e7e formas\u0131yla 36 ma\u00e7a \u00e7\u0131kan Fred, 4 gol ve 8 asistlik performans sergiledi.\u00a0\u00a0<\/p>\n<div>\u00a0<\/div>\n<\/div>\n","protected":false},"excerpt":{"rendered":"<p>Fenerbah\u00e7e&#8217;nin Brezilyal\u0131 futbolcusu Fred, kupada oynanacak Galatasaray derbisine yeti\u015fmek i\u00e7in sab\u0131rs\u0131zl\u0131kla bekliyor. Fred&#8217;in birinci 11&#8217;de alana \u00e7\u0131k\u0131p \u00e7\u0131kmayaca\u011f\u0131na teknik y\u00f6netici Jose Mourinho karar verecek.<\/p>\n","protected":false},"author":1,"featured_media":37131,"comment_status":"open","ping_status":"open","sticky":false,"template":"","format":"standard","meta":{"footnotes":""},"categories":[25],"tags":[],"class_list":["post-37130","post","type-post","status-publish","format-standard","has-post-thumbnail","hentry","category-futbol"],"_links":{"self":[{"href":"https:\/\/haberbesiktas.tr\/index.php?rest_route=\/wp\/v2\/posts\/37130","targetHints":{"allow":["GET"]}}],"collection":[{"href":"https:\/\/haberbesiktas.tr\/index.php?rest_route=\/wp\/v2\/posts"}],"about":[{"href":"https:\/\/haberbesiktas.tr\/index.php?rest_route=\/wp\/v2\/types\/post"}],"author":[{"embeddable":true,"href":"https:\/\/haberbesiktas.tr\/index.php?rest_route=\/wp\/v2\/users\/1"}],"replies":[{"embeddable":true,"href":"https:\/\/haberbesiktas.tr\/index.php?rest_route=%2Fwp%2Fv2%2Fcomments&post=37130"}],"version-history":[{"count":1,"href":"https:\/\/haberbesiktas.tr\/index.php?rest_route=\/wp\/v2\/posts\/37130\/revisions"}],"predecessor-version":[{"id":37132,"href":"https:\/\/haberbesiktas.tr\/index.php?rest_route=\/wp\/v2\/posts\/37130\/revisions\/37132"}],"wp:featuredmedia":[{"embeddable":true,"href":"https:\/\/haberbesiktas.tr\/index.php?rest_route=\/wp\/v2\/media\/37131"}],"wp:attachment":[{"href":"https:\/\/haberbesiktas.tr\/index.php?rest_route=%2Fwp%2Fv2%2Fmedia&parent=37130"}],"wp:term":[{"taxonomy":"category","embeddable":true,"href":"https:\/\/haberbesiktas.tr\/index.php?rest_route=%2Fwp%2Fv2%2Fcategories&post=37130"},{"taxonomy":"post_tag","embeddable":true,"href":"https:\/\/haberbesiktas.tr\/index.php?rest_route=%2Fwp%2Fv2%2Ftags&post=37130"}],"curies":[{"name":"wp","href":"https:\/\/api.w.org\/{rel}","templated":true}]}}