{"id":37174,"date":"2025-06-13T18:00:16","date_gmt":"2025-06-13T18:00:16","guid":{"rendered":"https:\/\/haberbesiktas.tr\/?p=37174"},"modified":"2025-06-13T18:00:16","modified_gmt":"2025-06-13T18:00:16","slug":"fenerbahcede-maximinden-buyuk-degisim","status":"publish","type":"post","link":"https:\/\/haberbesiktas.tr\/?p=37174","title":{"rendered":"Fenerbah\u00e7e&#8217;de Maximin&#8217;den b\u00fcy\u00fck de\u011fi\u015fim"},"content":{"rendered":"<div>Fenerbah\u00e7e&#8217;de teknik y\u00f6netici Jose Mourinho ile Frans\u0131z oyuncu Allan Saint-Maximin ortas\u0131ndaki buzlar eridi.\u00a0<\/p>\n<p>Tecr\u00fcbeli teknik adamdan \u00f6z\u00fcr dileyen Maximin, disiplinsiz davran\u0131\u015flar\u0131ndan uzakla\u015ft\u0131 ve 2 ma\u00e7 ortadan sonra tak\u0131ma al\u0131nd\u0131.\u00a0<\/p>\n<p>\u00c7al\u0131\u015fma temposu ve egzersiz saatlerine dikkat etmeye ba\u015flayan Maximin, kalan haftalarda da gruba katk\u0131 sa\u011flamak istiyor.\u00a0\u00a0 <\/p>\n<div>\u00a0<\/div>\n<\/div>\n","protected":false},"excerpt":{"rendered":"<p>Jose Mourinho ile girdi\u011fi tart\u0131\u015fma sonras\u0131 iki ma\u00e7ta tak\u0131ma al\u0131nmayan Allan Saint-Maximin, Jose Mourinho&#8217;dan \u00f6z\u00fcr dilemesinin akabinde b\u00fcy\u00fck bir de\u011fi\u015fim ya\u015fad\u0131.<\/p>\n","protected":false},"author":1,"featured_media":37175,"comment_status":"open","ping_status":"open","sticky":false,"template":"","format":"standard","meta":{"footnotes":""},"categories":[25],"tags":[],"class_list":["post-37174","post","type-post","status-publish","format-standard","has-post-thumbnail","hentry","category-futbol"],"_links":{"self":[{"href":"https:\/\/haberbesiktas.tr\/index.php?rest_route=\/wp\/v2\/posts\/37174","targetHints":{"allow":["GET"]}}],"collection":[{"href":"https:\/\/haberbesiktas.tr\/index.php?rest_route=\/wp\/v2\/posts"}],"about":[{"href":"https:\/\/haberbesiktas.tr\/index.php?rest_route=\/wp\/v2\/types\/post"}],"author":[{"embeddable":true,"href":"https:\/\/haberbesiktas.tr\/index.php?rest_route=\/wp\/v2\/users\/1"}],"replies":[{"embeddable":true,"href":"https:\/\/haberbesiktas.tr\/index.php?rest_route=%2Fwp%2Fv2%2Fcomments&post=37174"}],"version-history":[{"count":1,"href":"https:\/\/haberbesiktas.tr\/index.php?rest_route=\/wp\/v2\/posts\/37174\/revisions"}],"predecessor-version":[{"id":37176,"href":"https:\/\/haberbesiktas.tr\/index.php?rest_route=\/wp\/v2\/posts\/37174\/revisions\/37176"}],"wp:featuredmedia":[{"embeddable":true,"href":"https:\/\/haberbesiktas.tr\/index.php?rest_route=\/wp\/v2\/media\/37175"}],"wp:attachment":[{"href":"https:\/\/haberbesiktas.tr\/index.php?rest_route=%2Fwp%2Fv2%2Fmedia&parent=37174"}],"wp:term":[{"taxonomy":"category","embeddable":true,"href":"https:\/\/haberbesiktas.tr\/index.php?rest_route=%2Fwp%2Fv2%2Fcategories&post=37174"},{"taxonomy":"post_tag","embeddable":true,"href":"https:\/\/haberbesiktas.tr\/index.php?rest_route=%2Fwp%2Fv2%2Ftags&post=37174"}],"curies":[{"name":"wp","href":"https:\/\/api.w.org\/{rel}","templated":true}]}}