{"id":37177,"date":"2025-06-13T18:12:11","date_gmt":"2025-06-13T18:12:11","guid":{"rendered":"https:\/\/haberbesiktas.tr\/?p=37177"},"modified":"2025-06-13T18:12:11","modified_gmt":"2025-06-13T18:12:11","slug":"galatasaraydan-frankowski-karari-veda","status":"publish","type":"post","link":"https:\/\/haberbesiktas.tr\/?p=37177","title":{"rendered":"Galatasaray&#8217;dan Frankowski karar\u0131; veda"},"content":{"rendered":"<div>Galatasaray, devre ortas\u0131nda sat\u0131n alma opsiyonuyla kiralad\u0131\u011f\u0131 Przemyslaw Frankowski ile yollar\u0131n\u0131 ay\u0131rma karar\u0131 ald\u0131.<\/p>\n<p> 1 milyon euro kiralama bedeli verilerek Frans\u0131z kul\u00fcb\u00fc Lens&#8217;ten kiralanan Frankowski&#8217;nin 7 milyon Euro&#8217;luk opsiyonunun kullan\u0131lmamas\u0131 karar\u0131 al\u0131nd\u0131.<\/p>\n<p> <span><strong>YER\u0130NE YEN\u0130 SA\u011e BEK ALINACAK<\/strong><\/span><\/p>\n<p> \u015eu ana kadar g\u00f6sterdi\u011fi performansla istenilen seviyeye ula\u015famayan 29 ya\u015f\u0131ndaki Polonyal\u0131 yerine yeni bir sa\u011f bek transfer edilecek. \u015eayet Frankowski, d\u00f6nemin kalan k\u0131sm\u0131nda performans\u0131n\u0131 harikul\u00e2de bir bi\u00e7imde artmazsa bu karardan vazge\u00e7ilmeyecek.<\/p>\n<p> <span><strong>7 MA\u00c7TA 1 AS\u0130ST YAPTI<\/strong><\/span><\/p>\n<p> Frankowski, Galatasaray formas\u0131yla \u00e7\u0131kt\u0131\u011f\u0131 6 lig ve 1 kupa ma\u00e7\u0131nda toplam 1 asist yapt\u0131.\u00a0<\/p>\n<div>\u00a0<\/div>\n<\/div>\n","protected":false},"excerpt":{"rendered":"<p>Galatasaray, g\u00f6sterdi\u011fi performansla hayal k\u0131r\u0131kl\u0131\u011f\u0131 yaratan ve derbide k\u0131rm\u0131z\u0131 kart g\u00f6ren Frankowski ile yola devam etmeme karar\u0131 ald\u0131.<\/p>\n","protected":false},"author":1,"featured_media":37178,"comment_status":"open","ping_status":"open","sticky":false,"template":"","format":"standard","meta":{"footnotes":""},"categories":[25],"tags":[],"class_list":["post-37177","post","type-post","status-publish","format-standard","has-post-thumbnail","hentry","category-futbol"],"_links":{"self":[{"href":"https:\/\/haberbesiktas.tr\/index.php?rest_route=\/wp\/v2\/posts\/37177","targetHints":{"allow":["GET"]}}],"collection":[{"href":"https:\/\/haberbesiktas.tr\/index.php?rest_route=\/wp\/v2\/posts"}],"about":[{"href":"https:\/\/haberbesiktas.tr\/index.php?rest_route=\/wp\/v2\/types\/post"}],"author":[{"embeddable":true,"href":"https:\/\/haberbesiktas.tr\/index.php?rest_route=\/wp\/v2\/users\/1"}],"replies":[{"embeddable":true,"href":"https:\/\/haberbesiktas.tr\/index.php?rest_route=%2Fwp%2Fv2%2Fcomments&post=37177"}],"version-history":[{"count":1,"href":"https:\/\/haberbesiktas.tr\/index.php?rest_route=\/wp\/v2\/posts\/37177\/revisions"}],"predecessor-version":[{"id":37179,"href":"https:\/\/haberbesiktas.tr\/index.php?rest_route=\/wp\/v2\/posts\/37177\/revisions\/37179"}],"wp:featuredmedia":[{"embeddable":true,"href":"https:\/\/haberbesiktas.tr\/index.php?rest_route=\/wp\/v2\/media\/37178"}],"wp:attachment":[{"href":"https:\/\/haberbesiktas.tr\/index.php?rest_route=%2Fwp%2Fv2%2Fmedia&parent=37177"}],"wp:term":[{"taxonomy":"category","embeddable":true,"href":"https:\/\/haberbesiktas.tr\/index.php?rest_route=%2Fwp%2Fv2%2Fcategories&post=37177"},{"taxonomy":"post_tag","embeddable":true,"href":"https:\/\/haberbesiktas.tr\/index.php?rest_route=%2Fwp%2Fv2%2Ftags&post=37177"}],"curies":[{"name":"wp","href":"https:\/\/api.w.org\/{rel}","templated":true}]}}