{"id":3718,"date":"2025-01-15T03:54:43","date_gmt":"2025-01-15T03:54:43","guid":{"rendered":"https:\/\/haberbesiktas.tr\/?p=3718"},"modified":"2025-01-15T03:54:43","modified_gmt":"2025-01-15T03:54:43","slug":"galatasaray-cezayi-devirle-asacak","status":"publish","type":"post","link":"https:\/\/haberbesiktas.tr\/?p=3718","title":{"rendered":"Galatasaray cezay\u0131 devirle a\u015facak"},"content":{"rendered":"<div>TFF Profesyonel Futbol Disiplin Kurulu (PFDK), Galatasaray ile G\u00f6ztepe ortas\u0131nda oynanan ma\u00e7ta ya\u015fanan berbat ve mak\u00fbs tezah\u00fcratlar nedeniyle Rams Park&#8217;taki Kuzey, G\u00fcney ve Do\u011fu trib\u00fcnlerinde toplam 38 blokta oturan Sar\u0131-K\u0131rm\u0131z\u0131l\u0131 taraftarlar\u0131n kartlar\u0131n\u0131 bloke etti. Kartlar\u0131 bloke edilen taraftarlar, 25 Ocak Cumartesi g\u00fcn\u00fc oynanacak Konyaspor ma\u00e7\u0131nda trib\u00fcndeki yerlerini alamayacak.<\/p>\n<p> Galatasaray&#8217;\u0131n tesirli taraftar k\u00fcmesi UltrAslan&#8217;\u0131n yer ald\u0131\u011f\u0131 kale gerilerindeki taraftarlar\u0131n yakla\u015f\u0131k y\u00fczde 75&#8217;i, Konyaspor ma\u00e7\u0131nda trib\u00fcnde olamayacak. Y\u00f6netil, disiplin \u015furas\u0131n\u0131n verdi\u011fi karara itiraz edecek. Tahkim konseyinden da olumsuz bir karar \u00e7\u0131karsa B plan\u0131 devreye sokulacak.<\/p>\n<p> <strong>\u00c7ALI\u015eMALAR \u015e\u0130MD\u0130DEN BA\u015eLADI<\/strong><\/p>\n<p> Galatasaray, karaborsa tedbirleri i\u00e7in d\u00f6nem ba\u015f\u0131nda kombine sahiplerine, belirleyecekleri 3 bireye s\u0131n\u0131rs\u0131z b\u00f6l\u00fcm hakk\u0131 vermi\u015fti. Sar\u0131-K\u0131rm\u0131z\u0131l\u0131 \u0130dare, verilen bu ceza sonras\u0131 karar\u0131n\u0131n bir ma\u00e7l\u0131k kald\u0131r\u0131lmas\u0131n\u0131 planl\u0131yor. Verilecek karar ile birlikte, bloke cezas\u0131 alan taraftarlar\u0131n b\u00f6l\u00fcm p\u00fcr\u00fcz\u00fc b\u00fcsb\u00fct\u00fcn ortadan kald\u0131r\u0131lacak.<\/p>\n<p> Taraftarlar, istedikleri isimlere bu periyot s\u00fcrecini yapabilecek. Ceza alan kombine sahibi UltrAslan \u00fcyelerinin, Anadolu&#8217;daki UltrAslan \u00fcyelerine d\u00f6nem yapaca\u011f\u0131 \u00f6\u011frenildi. Bu hareketle trib\u00fcn aktifli\u011finin bozulmamas\u0131 hedefleniyor. Sar\u0131-K\u0131rm\u0131z\u0131l\u0131 \u0130darenin k\u0131sa m\u00fchlet i\u00e7inde bu mevzu ile ilgili bir a\u00e7\u0131klama yapmas\u0131 bekleniyor.<\/p>\n<p> <strong>417. BLOK CEZASI REAKS\u0130YON G\u00d6RD\u00dc<\/strong><\/p>\n<p> Bloke cezas\u0131 verilen trib\u00fcnlerin ortas\u0131nda g\u00fcvenlik gerek\u00e7esiyle bo\u015f b\u0131rak\u0131lan ve g\u00fcvenlik g\u00fc\u00e7lerinin oturdu\u011fu 417. blo\u011fun da olmas\u0131 toplumsal medyada b\u00fcy\u00fck g\u00fcndem oldu. Sar\u0131-K\u0131rm\u0131z\u0131l\u0131 taraftarlar, toplumsal medya hesaplar\u0131ndan yapt\u0131\u011f\u0131 payla\u015f\u0131mlarla bu karara sert reaksiyon g\u00f6sterdi. Galatasaray ile G\u00f6ztepe ortas\u0131nda oynanan ma\u00e7ta temsilci olarak Kas\u0131m Turna, Mehmet Ali Yurtsever, Levent Kalkan ve Mete K\u0131z\u0131lkaya misyon yapm\u0131\u015ft\u0131. Birebir ma\u00e7ta deplasman trib\u00fcn\u00fcnde yer alan G\u00f6ztepe taraftarlar\u0131n\u0131n da kartlar\u0131 bloke edildi.\u00a0<\/p>\n<div>\u00a0<\/div>\n<\/div>\n","protected":false},"excerpt":{"rendered":"<p>Galatasaray idaresi, verilen cezaya itiraz edecek. Karar de\u011fi\u015fmezse 3 bireyle s\u0131n\u0131rlad\u0131\u011f\u0131 periyot hakk\u0131n\u0131, 25 Ocak&#8217;taki Konya ma\u00e7\u0131 i\u00e7in kald\u0131racak.<\/p>\n","protected":false},"author":1,"featured_media":3719,"comment_status":"open","ping_status":"open","sticky":false,"template":"","format":"standard","meta":{"footnotes":""},"categories":[25],"tags":[506,505,335,504,123],"class_list":["post-3718","post","type-post","status-publish","format-standard","has-post-thumbnail","hentry","category-futbol","tag-bloke","tag-ceza","tag-karar","tag-taraftar","tag-tribun"],"_links":{"self":[{"href":"https:\/\/haberbesiktas.tr\/index.php?rest_route=\/wp\/v2\/posts\/3718","targetHints":{"allow":["GET"]}}],"collection":[{"href":"https:\/\/haberbesiktas.tr\/index.php?rest_route=\/wp\/v2\/posts"}],"about":[{"href":"https:\/\/haberbesiktas.tr\/index.php?rest_route=\/wp\/v2\/types\/post"}],"author":[{"embeddable":true,"href":"https:\/\/haberbesiktas.tr\/index.php?rest_route=\/wp\/v2\/users\/1"}],"replies":[{"embeddable":true,"href":"https:\/\/haberbesiktas.tr\/index.php?rest_route=%2Fwp%2Fv2%2Fcomments&post=3718"}],"version-history":[{"count":1,"href":"https:\/\/haberbesiktas.tr\/index.php?rest_route=\/wp\/v2\/posts\/3718\/revisions"}],"predecessor-version":[{"id":3720,"href":"https:\/\/haberbesiktas.tr\/index.php?rest_route=\/wp\/v2\/posts\/3718\/revisions\/3720"}],"wp:featuredmedia":[{"embeddable":true,"href":"https:\/\/haberbesiktas.tr\/index.php?rest_route=\/wp\/v2\/media\/3719"}],"wp:attachment":[{"href":"https:\/\/haberbesiktas.tr\/index.php?rest_route=%2Fwp%2Fv2%2Fmedia&parent=3718"}],"wp:term":[{"taxonomy":"category","embeddable":true,"href":"https:\/\/haberbesiktas.tr\/index.php?rest_route=%2Fwp%2Fv2%2Fcategories&post=3718"},{"taxonomy":"post_tag","embeddable":true,"href":"https:\/\/haberbesiktas.tr\/index.php?rest_route=%2Fwp%2Fv2%2Ftags&post=3718"}],"curies":[{"name":"wp","href":"https:\/\/api.w.org\/{rel}","templated":true}]}}