{"id":37186,"date":"2025-06-13T18:48:08","date_gmt":"2025-06-13T18:48:08","guid":{"rendered":"https:\/\/haberbesiktas.tr\/?p=37186"},"modified":"2025-06-13T18:48:08","modified_gmt":"2025-06-13T18:48:08","slug":"mourinho-derbi-oncesi-kampa-girdi-ust-uste-2-gun","status":"publish","type":"post","link":"https:\/\/haberbesiktas.tr\/?p=37186","title":{"rendered":"Mourinho derbi \u00f6ncesi kampa girdi: \u00dcst \u00fcste 2 g\u00fcn!"},"content":{"rendered":"<div>Ligde Galatasaray&#8217;\u0131n ald\u0131\u011f\u0131 Be\u015fikta\u015f ma\u011flubiyetiyle \u015fampiyonluk i\u00e7in umutlar\u0131 ziyadesiyle artan Fenerbah\u00e7e kupadaki dev derbiye bileniyor.<\/p>\n<p> Al\u0131nacak galibiyetin lig yar\u0131\u015f\u0131na da \u00e7ok olumlu bir tesir yapaca\u011f\u0131n\u0131 d\u00fc\u015f\u00fcnen Teknik Y\u00f6netici Jose Mourinho&#8217;nun bu kere \u00e7ok \u00f6zel bir haz\u0131rl\u0131k i\u00e7inde oldu\u011fu belirtiliyor.<\/p>\n<p> Galatasaray&#8217;a kar\u015f\u0131 oynad\u0131\u011f\u0131 2 ma\u00e7ta 1 ma\u011flubiyet ve 1 beraberlik ya\u015fayan Portekizli hoca \u00f6ncelikle ezeli rakip \u00f6n\u00fcnde birinci galibiyeti almay\u0131 hedefliyor.<\/p>\n<p> <strong>K\u0130\u015e\u0130SEL B\u0130R SIKINTI G\u0130B\u0130<\/strong><\/p>\n<p> Mourinho&#8217;nun ayr\u0131yeten d\u00f6nem ba\u015f\u0131ndan bu yana polemik i\u00e7inde oldu\u011fu meslekta\u015f\u0131 Okan Buruk&#8217;a da Kad\u0131k\u00f6y&#8217;de bir ma\u011flubiyet tatt\u0131rmak istedi\u011fi ve olay\u0131 biraz ferd\u00ee bir problem olarak g\u00f6rd\u00fc\u011f\u00fc \u00f6ne s\u00fcr\u00fcl\u00fcyor.<\/p>\n<p> Samand\u0131ra&#8217;dan gelen bilgilere nazaran ba\u015far\u0131l\u0131 hoca, T\u00fcrkiye&#8217;ye geldi\u011finden bu yana birinci defa oteline gitmedi ve \u00fcst \u00fcste iki geceyi tesislerde ge\u00e7irdi.<\/p>\n<p> <strong>DAHA AGRES\u0130F OLACAKLAR<\/strong><\/p>\n<p> Tak\u0131m\u0131yla bir arada gece g\u00fcnd\u00fcz derbinin taktiksel planlamas\u0131n\u0131 yapan Mourinho&#8217;nun geride kalan iki ma\u00e7tan k\u0131ymetli dersler \u00e7\u0131kard\u0131\u011f\u0131 vurgulan\u0131yor. Taraftarlar\u0131n \u00e7ok daha agresif ve hamlesi d\u00fc\u015f\u00fcnen bir ekip izleyece\u011fi belirtiliyor.<\/p>\n<p> <strong>MOU VE BURUK 3. DEFA RAK\u0130P<\/strong><\/p>\n<p> Jose Mourinho ile Okan Buruk, Ziraat Ziraat T\u00fcrkiye Kupas\u0131 ma\u00e7\u0131yla birlikte T\u00fcrkiye&#8217;de 3. defa birbirine rakip olacak. Geride kalan 2 u\u011fra\u015fta Galatasaray 1 kere kazan\u0131rken 1 kar\u015f\u0131la\u015fma da berabere sona erdi.\u00a0<\/p>\n<\/div>\n","protected":false},"excerpt":{"rendered":"<p>Galatasaray&#8217;a kar\u015f\u0131 2 ma\u00e7tan 1 puan \u00e7\u0131karabilen ve Okan Buruk&#8217;la daima polemik i\u00e7inde olan Mourinho tak\u0131m\u0131yla bir arada derbiye \u00e7al\u0131\u015f\u0131yor. Portekizli teknik adam\u0131n birinci defa 2 gece \u00fcst \u00fcste tesislerde kald\u0131\u011f\u0131 belirtiliyor.<\/p>\n","protected":false},"author":1,"featured_media":37187,"comment_status":"open","ping_status":"open","sticky":false,"template":"","format":"standard","meta":{"footnotes":""},"categories":[25],"tags":[2916],"class_list":["post-37186","post","type-post","status-publish","format-standard","has-post-thumbnail","hentry","category-futbol","tag-mou"],"_links":{"self":[{"href":"https:\/\/haberbesiktas.tr\/index.php?rest_route=\/wp\/v2\/posts\/37186","targetHints":{"allow":["GET"]}}],"collection":[{"href":"https:\/\/haberbesiktas.tr\/index.php?rest_route=\/wp\/v2\/posts"}],"about":[{"href":"https:\/\/haberbesiktas.tr\/index.php?rest_route=\/wp\/v2\/types\/post"}],"author":[{"embeddable":true,"href":"https:\/\/haberbesiktas.tr\/index.php?rest_route=\/wp\/v2\/users\/1"}],"replies":[{"embeddable":true,"href":"https:\/\/haberbesiktas.tr\/index.php?rest_route=%2Fwp%2Fv2%2Fcomments&post=37186"}],"version-history":[{"count":1,"href":"https:\/\/haberbesiktas.tr\/index.php?rest_route=\/wp\/v2\/posts\/37186\/revisions"}],"predecessor-version":[{"id":37188,"href":"https:\/\/haberbesiktas.tr\/index.php?rest_route=\/wp\/v2\/posts\/37186\/revisions\/37188"}],"wp:featuredmedia":[{"embeddable":true,"href":"https:\/\/haberbesiktas.tr\/index.php?rest_route=\/wp\/v2\/media\/37187"}],"wp:attachment":[{"href":"https:\/\/haberbesiktas.tr\/index.php?rest_route=%2Fwp%2Fv2%2Fmedia&parent=37186"}],"wp:term":[{"taxonomy":"category","embeddable":true,"href":"https:\/\/haberbesiktas.tr\/index.php?rest_route=%2Fwp%2Fv2%2Fcategories&post=37186"},{"taxonomy":"post_tag","embeddable":true,"href":"https:\/\/haberbesiktas.tr\/index.php?rest_route=%2Fwp%2Fv2%2Ftags&post=37186"}],"curies":[{"name":"wp","href":"https:\/\/api.w.org\/{rel}","templated":true}]}}