{"id":37192,"date":"2025-06-13T19:12:09","date_gmt":"2025-06-13T19:12:09","guid":{"rendered":"https:\/\/haberbesiktas.tr\/?p=37192"},"modified":"2025-06-13T19:12:09","modified_gmt":"2025-06-13T19:12:09","slug":"mourinho-derbi-icin-adaylarini-belirledi-2-formaya-4-aday","status":"publish","type":"post","link":"https:\/\/haberbesiktas.tr\/?p=37192","title":{"rendered":"Mourinho derbi i\u00e7in adaylar\u0131n\u0131 belirledi: 2 formaya 4 aday!"},"content":{"rendered":"<div>T\u00fcrkiye Kupas\u0131&#8217;ndaki Galatasaray ma\u00e7\u0131 Fenerbah\u00e7e i\u00e7in b\u00fcy\u00fck k\u0131ymet arz ediyor. Sar\u0131- Lacivertliler derbiyi kazanarak Be\u015fikta\u015f&#8217;a kaybeden rakibine ruhsal \u00fcst\u00fcnl\u00fck kurmak da istiyor.<\/p>\n<p> Mourinho birinci 11&#8217;de talih verece\u011fi 9 \u00f6\u011frencisini belirledi. Portekizli teknik adam, rotasyon yapmay\u0131 d\u00fc\u015f\u00fcnm\u00fcyor.<\/p>\n<p> <strong>KALEDE \u0130RFAN CAN<\/strong><\/p>\n<p> Kalede son haftalar\u0131n formda ismi \u0130rfan Can E\u011fribayat&#8217;\u0131n olmas\u0131 bekleniyor. Savunmada ise Mert M\u00fcld\u00fcr; Skriniar, Yusuf Ak\u00e7i\u00e7ek, Kostic olacak.<\/p>\n<p> Orta alanda Szymanski ve Fred oynarken sa\u011f kanatta O\u011fuz Ayd\u0131n ataklar\u0131 ile bindirme yapacak. \u0130leri u\u00e7ta ise En-Nesyri gol arayacak.<\/p>\n<p><strong>TADIC-DZEKO TIPKI ANDA OLMAYACAK<\/strong><\/p>\n<p> Bu 9 futbolcunun d\u0131\u015f\u0131nda 4 bireyden 2&#8217;si 11&#8217;de dahil olacak. Sol kanatta Talisca ya da \u0130rfan Can Kahveci tercih edilirken En-Nesyri&#8217;nin ard\u0131nda Dzeko ile Tadic&#8217;ten biri tercih edilecek.<\/p>\n<p> Mourinho&#8217;nun temposuz olmalar\u0131 nedeniyle hem Dzeko, hem de Tadic&#8217;i t\u0131pk\u0131 ayda oynatmayaca\u011f\u0131 ve yaln\u0131zca birine yer verece\u011fi \u00f6\u011frenildi.\u00a0<\/p>\n<div>\u00a0<\/div>\n<\/div>\n","protected":false},"excerpt":{"rendered":"<p>Mourinho, Galatasaray derbisinde birinci 11&#8217;in 9&#8217;unu belirledi. Tadic, \u0130rfan Can Kahveci, Dzeko ve Talisca 4&#8217;l\u00fcs\u00fcnden 2&#8217;si 11&#8217;e dahil olacak. Dzeko ve Tadic&#8217;in birebir anda birinci 11&#8217;de olmas\u0131 beklenmiyor.<\/p>\n","protected":false},"author":1,"featured_media":37193,"comment_status":"open","ping_status":"open","sticky":false,"template":"","format":"standard","meta":{"footnotes":""},"categories":[25],"tags":[],"class_list":["post-37192","post","type-post","status-publish","format-standard","has-post-thumbnail","hentry","category-futbol"],"_links":{"self":[{"href":"https:\/\/haberbesiktas.tr\/index.php?rest_route=\/wp\/v2\/posts\/37192","targetHints":{"allow":["GET"]}}],"collection":[{"href":"https:\/\/haberbesiktas.tr\/index.php?rest_route=\/wp\/v2\/posts"}],"about":[{"href":"https:\/\/haberbesiktas.tr\/index.php?rest_route=\/wp\/v2\/types\/post"}],"author":[{"embeddable":true,"href":"https:\/\/haberbesiktas.tr\/index.php?rest_route=\/wp\/v2\/users\/1"}],"replies":[{"embeddable":true,"href":"https:\/\/haberbesiktas.tr\/index.php?rest_route=%2Fwp%2Fv2%2Fcomments&post=37192"}],"version-history":[{"count":1,"href":"https:\/\/haberbesiktas.tr\/index.php?rest_route=\/wp\/v2\/posts\/37192\/revisions"}],"predecessor-version":[{"id":37194,"href":"https:\/\/haberbesiktas.tr\/index.php?rest_route=\/wp\/v2\/posts\/37192\/revisions\/37194"}],"wp:featuredmedia":[{"embeddable":true,"href":"https:\/\/haberbesiktas.tr\/index.php?rest_route=\/wp\/v2\/media\/37193"}],"wp:attachment":[{"href":"https:\/\/haberbesiktas.tr\/index.php?rest_route=%2Fwp%2Fv2%2Fmedia&parent=37192"}],"wp:term":[{"taxonomy":"category","embeddable":true,"href":"https:\/\/haberbesiktas.tr\/index.php?rest_route=%2Fwp%2Fv2%2Fcategories&post=37192"},{"taxonomy":"post_tag","embeddable":true,"href":"https:\/\/haberbesiktas.tr\/index.php?rest_route=%2Fwp%2Fv2%2Ftags&post=37192"}],"curies":[{"name":"wp","href":"https:\/\/api.w.org\/{rel}","templated":true}]}}