{"id":37291,"date":"2025-06-14T01:48:08","date_gmt":"2025-06-14T01:48:08","guid":{"rendered":"https:\/\/haberbesiktas.tr\/?p=37291"},"modified":"2025-06-14T01:48:08","modified_gmt":"2025-06-14T01:48:08","slug":"derbinin-kaderi-kalecilerin-ellerinde-2","status":"publish","type":"post","link":"https:\/\/haberbesiktas.tr\/?p=37291","title":{"rendered":"Derbinin kaderi kalecilerin ellerinde"},"content":{"rendered":"<div>\n<p>Ziraat T\u00fcrkiye Kupas\u0131 \u00e7eyrek finalinde 2 Nisan \u00c7ar\u015famba g\u00fcn\u00fc kar\u015f\u0131la\u015facak Fenerbah\u00e7e ile Galatasaray derbisinde g\u00f6zler iki grubun kalecilerinde olacak.\u00a0<\/p>\n<p> \u00dclker Stad\u0131&#8217;nda oynanacak m\u00fcsabakada iki kadro, kupada yar\u0131 finale \u00e7\u0131kmak i\u00e7in \u00e7aba edecek.<\/p>\n<p> Galatasaray&#8217;da 14. d\u00f6nemini ge\u00e7iren Uruguayl\u0131 file bek\u00e7isi Fernando Muslera ve Fenerbah\u00e7e&#8217;de ikinci d\u00f6nemini ya\u015fayan Dominik Livakovic&#8217;in performans\u0131 derbinin sonucu i\u00e7in k\u0131ymetli olacak.\u00a0<\/p>\n<p> Muslera ve Livakovic&#8217;in oynamamas\u0131 halinde forma bekleyen G\u00fcnay G\u00fcven\u00e7 ile \u0130rfan Can E\u011fribayat bu d\u00f6nem vazife ald\u0131klar\u0131 ma\u00e7larda kadrolar\u0131na dayanak vermeye \u00e7al\u0131\u015ft\u0131.<\/p>\n<p> <strong>&#8211; Muslera&#8217;n\u0131n derbilerde tecr\u00fcbesi y\u00fcksek\u00a0<\/strong><\/p>\n<p> Galatasaray&#8217;\u0131n 38 ya\u015f\u0131ndaki file bek\u00e7isi Fernando Muslera, derbilerdeki tecr\u00fcbesiyle \u00f6ne \u00e7\u0131k\u0131yor.<\/p>\n<p> 2011-2012 d\u00f6neminden beri sar\u0131-k\u0131rm\u0131z\u0131l\u0131 ekipte forma giyen Muslera, Fenerbah\u00e7e ve Be\u015fikta\u015f derbilerinde toplam 63 ma\u00e7ta 28 galibiyet, 16 beraberlik ve 19 yenilgi ya\u015fad\u0131. Kelam konusu derbilerde toplamda 62 gol yiyen Uruguayl\u0131 file bek\u00e7isi, 25 m\u00fcsabakada da kalesini gole kapad\u0131.\u00a0<\/p>\n<p> Muslera, Fenerbah\u00e7e&#8217;ye kar\u015f\u0131 \u00e7\u0131kt\u0131\u011f\u0131 33 ma\u00e7ta ise 13 galibiyet, 11 beraberlik ve 9 yenilgi ya\u015fad\u0131. Deneyimli kaleci, kelam konusu ma\u00e7larda da 26 gole mani olamazken, 15 kar\u015f\u0131la\u015fmada gole m\u00fcsaade vermedi.\u00a0<\/p>\n<p> <strong>&#8211; Muslera, bu d\u00f6nem 8 ma\u00e7ta gol yemedi\u00a0<\/strong><\/p>\n<p> Galatasaray&#8217;\u0131n Uruguayl\u0131 file bek\u00e7isi Fernando Muslera, bu sezon ligde 27 ma\u00e7ta 8 kere kalesinde gole m\u00fcsaade vermedi.<\/p>\n<p> Bu d\u00f6nem \u00e7\u0131kt\u0131\u011f\u0131 b\u00fct\u00fcn Avrupa ma\u00e7lar\u0131nda gol yiyen Fernano Muslera, Be\u015fikta\u015f&#8217;la oynanan TFF Muhte\u015fem Kupa kar\u015f\u0131la\u015fmas\u0131nda da kalesinde 5 gol g\u00f6rm\u00fc\u015ft\u00fc.\u00a0<\/p>\n<p> <strong>&#8211; G\u00fcnay G\u00fcven\u00e7, bu d\u00f6nem 10 ma\u00e7a \u00e7\u0131kt\u0131<\/strong><\/p>\n<p> Galatasaray&#8217;da kaleci G\u00fcnay G\u00fcven\u00e7, bu d\u00f6nem 10 ma\u00e7ta ekibinin kalesini korudu.<\/p>\n<p> Muslera&#8217;n\u0131n cezal\u0131 oldu\u011fu birinci 3 UEFA Avrupa Ligi ma\u00e7\u0131nda ve AZ Alkmaar ile oynanan son 16 play-off \u00e7e\u015fidi r\u00f6van\u015f m\u00fcsabakas\u0131nda misyon alan deneyimli kaleci, kelam konusu m\u00fcsabakalarda toplam 8 gol yedi. \u015eampiyonlar Ligi elemelerinde 2 kere sonradan oyuna giren deneyimli kaleci, bu m\u00fcsabakalarda 1 sefer kalesinde gol\u00fc g\u00f6rd\u00fc. Misyon ald\u0131\u011f\u0131 3 T\u00fcrkiye Kupas\u0131 ma\u00e7\u0131nda 3 gol yiyen G\u00fcnay, bu sezon S\u00fcper Lig&#8217;de oynad\u0131\u011f\u0131 tek ma\u00e7 olan ve h\u00fckmen kazand\u0131klar\u0131 Adana Demirspor kar\u015f\u0131la\u015fmas\u0131nda da kalesini gole kapad\u0131.\u00a0<\/p>\n<p> <strong>&#8211; Livakovic, Galatasaray&#8217;a kar\u015f\u0131 \u00e7\u0131kt\u0131\u011f\u0131 3 ma\u00e7\u0131n 2&#8217;sinde gole m\u00fcsaade vermedi<\/strong><\/p>\n<p> Galatasaray kar\u015f\u0131s\u0131nda toplamda 3 derbide oynayan H\u0131rvat file bek\u00e7isi Dominik Livakovic, kelam konusu m\u00fcsabakalar\u0131n 2&#8217;sinde gol yemedi.\u00a0<\/p>\n<p> Livakovic, ge\u00e7en sezon ligde \u00dclker Stad\u0131&#8217;nda 0-0 beraberlikle sonu\u00e7lanan ma\u00e7ta birinci sefer Galatasaray kar\u015f\u0131s\u0131nda misyon ald\u0131. H\u0131rvat kaleci, sar\u0131-k\u0131rm\u0131z\u0131l\u0131lar kar\u015f\u0131s\u0131nda ikinci ma\u00e7\u0131na ise ge\u00e7en d\u00f6nem RAMS Park&#8217;ta 1-0 kazand\u0131klar\u0131 m\u00fcsabakada \u00e7\u0131kt\u0131.\u00a0<\/p>\n<p> Galatasaray&#8217;a kar\u015f\u0131 birinci iki derbide gol yemeyen Livakovic, bu d\u00f6nemin birinci yar\u0131s\u0131nda ma\u011flup olduklar\u0131 m\u00fcsabakada ise 3 gol\u00fc kalesinde g\u00f6rd\u00fc.\u00a0<\/p>\n<p> <strong>&#8211; Livakovic, bu d\u00f6nem 9 m\u00fcsabakada gol yemedi<\/strong><\/p>\n<p> Dominik Livakovic, bu d\u00f6nem t\u00fcm kulvarlarda Fenerbah\u00e7e formas\u0131yla 27 m\u00fcsabakaya \u00e7\u0131kt\u0131.<\/p>\n<p> H\u0131rvat kaleci, bu sezon S\u00fcper Lig&#8217;de 17, UEFA Avrupa Ligi&#8217;nde 6 ve UEFA \u015eampiyonlar Ligi elemelerinde 4 m\u00fcsabakaya \u00e7\u0131kt\u0131. Avrupa&#8217;daki ma\u00e7larda kalesini gole kapatamayan 30 ya\u015f\u0131ndaki H\u0131rvat file bek\u00e7isi, ligde ise 9 kar\u015f\u0131la\u015fmada gol yemedi.<\/p>\n<p> Livakovic, bu d\u00f6nem alana \u00e7\u0131kt\u0131\u011f\u0131 27 ma\u00e7ta toplam 31 gol\u00fc kalesinde g\u00f6rd\u00fc.<\/p>\n<p> <strong>&#8211; \u0130rfan Can, Galatasaray&#8217;a kar\u015f\u0131 2 derbide oynad\u0131<\/strong><\/p>\n<p> \u0130rfan Can E\u011fribayat, sar\u0131-lacivertli formayla Galatasaray&#8217;a kar\u015f\u0131 2 derbide forma giydi.<\/p>\n<p> Fenerbah\u00e7e&#8217;de 3. d\u00f6nemini ge\u00e7iren 26 ya\u015f\u0131ndaki file bek\u00e7isi, sar\u0131-lacivertli formayla Galatasaray&#8217;a kar\u015f\u0131 birinci kere 2022-2023 d\u00f6neminin ikinci yar\u0131s\u0131nda 3-0 yenildikleri ma\u00e7ta alana \u00e7\u0131kt\u0131. Son olarak da bu d\u00f6nem ligin 25. haftas\u0131ndaki derbide forma giyen \u0130rfan Can, kelam konusu ma\u00e7ta gol yemedi.<\/p>\n<p> Kaleci \u0130rfan Can E\u011fribayat, bu d\u00f6nem t\u00fcm kulvarlarda toplam 17 m\u00fcsabakaya \u00e7\u0131kt\u0131.<\/p>\n<p> Bu d\u00f6nem 10 S\u00fcper Lig, 6 UEFA Avrupa Ligi ve 1 T\u00fcrkiye Kupas\u0131 kar\u015f\u0131la\u015fmas\u0131na \u00e7\u0131kan \u0130rfan Can E\u011fribayat, kelam konusu kar\u015f\u0131la\u015fmalarda toplam 17 gol\u00fc kalesinde g\u00f6rd\u00fc. UEFA Avrupa Ligi&#8217;nde Anderlecht, Olimpik Lyon ve penalt\u0131lara giden Rangers ma\u00e7lar\u0131nda gol yemeyen \u0130rfan Can, S\u00fcper Lig&#8217;de de Adana Demirspor, Corendon Alanyaspor, Galatasaray ve Onvo Antalyaspor&#8217;a kar\u015f\u0131 kalesini gole kapatt\u0131.<\/p>\n<\/div>\n","protected":false},"excerpt":{"rendered":"<p>Fenerbah\u00e7e-Galatasaray derbisinde kalecilerin performans\u0131 belirleyici olacak; Muslera tecr\u00fcbesiyle, Livakovic ise evvelki derbilerdeki ba\u015far\u0131l\u0131 grafi\u011fiyle \u00f6ne \u00e7\u0131k\u0131yor.<\/p>\n","protected":false},"author":1,"featured_media":37292,"comment_status":"open","ping_status":"open","sticky":false,"template":"","format":"standard","meta":{"footnotes":""},"categories":[25],"tags":[2920,129,77,50,1049],"class_list":["post-37291","post","type-post","status-publish","format-standard","has-post-thumbnail","hentry","category-futbol","tag-cikti","tag-galatasaray","tag-gol","tag-mac","tag-muslera"],"_links":{"self":[{"href":"https:\/\/haberbesiktas.tr\/index.php?rest_route=\/wp\/v2\/posts\/37291","targetHints":{"allow":["GET"]}}],"collection":[{"href":"https:\/\/haberbesiktas.tr\/index.php?rest_route=\/wp\/v2\/posts"}],"about":[{"href":"https:\/\/haberbesiktas.tr\/index.php?rest_route=\/wp\/v2\/types\/post"}],"author":[{"embeddable":true,"href":"https:\/\/haberbesiktas.tr\/index.php?rest_route=\/wp\/v2\/users\/1"}],"replies":[{"embeddable":true,"href":"https:\/\/haberbesiktas.tr\/index.php?rest_route=%2Fwp%2Fv2%2Fcomments&post=37291"}],"version-history":[{"count":1,"href":"https:\/\/haberbesiktas.tr\/index.php?rest_route=\/wp\/v2\/posts\/37291\/revisions"}],"predecessor-version":[{"id":37293,"href":"https:\/\/haberbesiktas.tr\/index.php?rest_route=\/wp\/v2\/posts\/37291\/revisions\/37293"}],"wp:featuredmedia":[{"embeddable":true,"href":"https:\/\/haberbesiktas.tr\/index.php?rest_route=\/wp\/v2\/media\/37292"}],"wp:attachment":[{"href":"https:\/\/haberbesiktas.tr\/index.php?rest_route=%2Fwp%2Fv2%2Fmedia&parent=37291"}],"wp:term":[{"taxonomy":"category","embeddable":true,"href":"https:\/\/haberbesiktas.tr\/index.php?rest_route=%2Fwp%2Fv2%2Fcategories&post=37291"},{"taxonomy":"post_tag","embeddable":true,"href":"https:\/\/haberbesiktas.tr\/index.php?rest_route=%2Fwp%2Fv2%2Ftags&post=37291"}],"curies":[{"name":"wp","href":"https:\/\/api.w.org\/{rel}","templated":true}]}}