{"id":37294,"date":"2025-06-14T02:00:08","date_gmt":"2025-06-14T02:00:08","guid":{"rendered":"https:\/\/haberbesiktas.tr\/?p=37294"},"modified":"2025-06-14T02:00:08","modified_gmt":"2025-06-14T02:00:08","slug":"galatasarayda-fenerbahce-derbisi-oncesi-eksik-yok","status":"publish","type":"post","link":"https:\/\/haberbesiktas.tr\/?p=37294","title":{"rendered":"Galatasaray&#8217;da Fenerbah\u00e7e derbisi \u00f6ncesi eksik yok!"},"content":{"rendered":"<div>Galatasaray, Ziraat T\u00fcrkiye Kupas\u0131 \u00e7eyrek final ma\u00e7\u0131nda \u00e7ar\u015famba g\u00fcn\u00fc Fenerbah\u00e7e&#8217;ye konuk olacak.<\/p>\n<p> \u00dclker Stad\u0131&#8217;nda yap\u0131lacak ma\u00e7 saat 20.45&#8217;te ba\u015flayacak. Hakem Cihan Ayd\u0131n&#8217;\u0131n y\u00f6netece\u011fi kar\u015f\u0131la\u015fma, ATV&#8217;den canl\u0131 yay\u0131nlanacak.<\/p>\n<p> T\u00fcrkiye Kupas\u0131&#8217;nda C K\u00fcmesi&#8217;nde yer alan sar\u0131-k\u0131rm\u0131z\u0131l\u0131 ekip, yapt\u0131\u011f\u0131 3 ma\u00e7ta 1 galibiyet, 2 beraberlik ald\u0131. Be\u015f puan toplayan Galatasaray, daha az kart g\u00f6rd\u00fc\u011f\u00fc i\u00e7in t\u0131pk\u0131 puan ve averaj\u0131 bulunan RAMS Ba\u015fak\u015fehir&#8217;in \u00f6n\u00fcnde ikinci s\u0131rada yer alarak \u00e7eyrek finalist oldu. K\u00fcmesini ikinci tamamlad\u0131\u011f\u0131 i\u00e7in mesken sahibi avantaj\u0131n\u0131 kapt\u0131ran sar\u0131-k\u0131rm\u0131z\u0131l\u0131lar, \u00e7eyrek final ma\u00e7\u0131na deplasmanda \u00e7\u0131kacak.<\/p>\n<p> Sar\u0131-k\u0131rm\u0131z\u0131l\u0131 grup, B K\u00fcmesi&#8217;nde 3&#8217;te 3 yaparak \u00f6nder \u00e7\u0131kan Fenerbah\u00e7e ile e\u015fle\u015fti. Tek ma\u00e7 \u00fczerinden yap\u0131lacak \u00e7eyrek final kar\u015f\u0131la\u015fmas\u0131n\u0131 kazanan taraf yar\u0131 finale y\u00fckselecek. Ma\u00e7\u0131n 90 dakikal\u0131k k\u0131sm\u0131nda kazanan \u00e7\u0131kmazsa 15&#8217;er dakikal\u0131k 2 uzatma devresi oynanacak. E\u015fitlik yeniden bozulmazsa \u00e7e\u015fidi ge\u00e7en taraf\u0131 seri penalt\u0131 at\u0131\u015flar\u0131 belirleyecek.<\/p>\n<p> \u00c7e\u015fidi ge\u00e7en ekip, T\u00dcMOSAN Konyaspor-\u0130skenderunspor ma\u00e7\u0131n\u0131n galibiyle yar\u0131 finalde kar\u015f\u0131la\u015facak.<\/p>\n<p> <strong>Fenerbah\u00e7e ile bu d\u00f6nem \u00fc\u00e7\u00fcnc\u00fc ma\u00e7<\/strong><\/p>\n<p> Galatasaray ile Fenerbah\u00e7e bu d\u00f6nem \u00fc\u00e7\u00fcnc\u00fc sefer kar\u015f\u0131 kar\u015f\u0131ya gelecek.<\/p>\n<p> \u0130ki ekip, bu d\u00f6nem 2 kez S\u00fcper Lig&#8217;de u\u011fra\u015f etti. Kelam konusu ma\u00e7lardan Kad\u0131k\u00f6y&#8217;de yap\u0131lan derbiyi sar\u0131-k\u0131rm\u0131z\u0131l\u0131 grup, Lucas Torreira, Dries Mertens ve Gabriel Sara&#8217;n\u0131n golleriyle 3-1 kazand\u0131. RAMS Park&#8217;taki derbi ise gols\u00fcz beraberlikle sona erdi.<\/p>\n<p> <strong>Bu d\u00f6nem yaln\u0131zca Be\u015fikta\u015f&#8217;a yenildi<\/strong><\/p>\n<p> Sar\u0131-k\u0131rm\u0131z\u0131l\u0131 grup, bu d\u00f6nem ulusal tertiplerde yaln\u0131zca Be\u015fikta\u015f&#8217;a ma\u011flup oldu.<\/p>\n<p> Galatasaray, \u00fclke \u00e7ap\u0131nda d\u00fczenlenen 3 futbol tertibinde bu d\u00f6nem 32 ma\u00e7a \u00e7\u0131kt\u0131. &#8220;Cimbom&#8221; Muhte\u015fem Lig&#8217;deki 28 kar\u015f\u0131la\u015fmada 22 galibiyet, 5 beraberlik, 1 ma\u011flubiyet ya\u015farken, T\u00fcrkiye Kupas\u0131&#8217;nda 3 ma\u00e7ta 1 galibiyet ve 2 beraberlik, Turkcell Muhte\u015fem Kupa&#8217;daki tek ma\u00e7ta ise yenilgi ald\u0131.<\/p>\n<p> Sar\u0131-k\u0131rm\u0131z\u0131l\u0131 ekip, S\u00fcper Lig ve Muhte\u015fem Kupa&#8217;daki birer yenilgisi Be\u015fikta\u015f kar\u015f\u0131s\u0131nda ya\u015fad\u0131.<\/p>\n<p> <strong>Son 10 resmi ma\u00e7ta 4 sefer kazanabildi<\/strong><\/p>\n<p> Galatasaray, \u00e7\u0131kt\u0131\u011f\u0131 son 10 resmi kar\u015f\u0131la\u015fman\u0131n yaln\u0131zca 4&#8217;\u00fcnden galibiyetle ayr\u0131ld\u0131.<\/p>\n<p> Sar\u0131-k\u0131rm\u0131z\u0131l\u0131 ekip, S\u00fcper Lig&#8217;in 23. haftas\u0131nda rakibi Adana Demirspor&#8217;un alandan \u00e7ekilmesiyle 3-0 h\u00fckmen kazand\u0131\u011f\u0131 kar\u015f\u0131la\u015fmayla ba\u015flayan s\u00fcre\u00e7te 10 ma\u00e7a \u00e7\u0131kt\u0131. Galatasaray, kelam konusu d\u00f6nemde 7 S\u00fcper Lig, 2 UEFA Avrupa Ligi ve 1 T\u00fcrkiye Kupas\u0131 ma\u00e7\u0131 oynad\u0131.<\/p>\n<p> &#8220;Cimbom&#8221; d\u00f6rder galibiyet ve beraberlik ya\u015farken, 2 ma\u00e7ta da ma\u011flup oldu.<\/p>\n<p> <strong>Sar\u0131-k\u0131rm\u0131z\u0131l\u0131lar i\u00e7in kritik viraj<\/strong><\/p>\n<p> Galatasaray, yar\u0131nki kar\u015f\u0131la\u015fmayla 4 g\u00fcn ortayla ikinci derbisine \u00e7\u0131kacak.<\/p>\n<p> Harika Lig&#8217;in 29. haftas\u0131nda 29 Mart Cumartesi g\u00fcn\u00fc Be\u015fikta\u015f&#8217;a konuk olan sar\u0131-k\u0131rm\u0131z\u0131l\u0131 tak\u0131m, derbiden 2-1 ma\u011flup ayr\u0131ld\u0131. Muhte\u015fem Lig&#8217;deki birinci ma\u011flubiyetini ya\u015fayan Galatasaray, d\u00f6rt g\u00fcn ortadan sonra bu defa T\u00fcrkiye Kupas\u0131&#8217;nda Fenerbah\u00e7e&#8217;ye konuk olacak.<\/p>\n<p> Fenerbah\u00e7e ile girdi\u011fi \u015fampiyonluk yar\u0131\u015f\u0131nda ma\u00e7 ziyadesiyle 6 puan farkla liderlik koltu\u011funda oturan sar\u0131-k\u0131rm\u0131z\u0131l\u0131 tak\u0131m, kupada cins atlayarak Be\u015fikta\u015f yenilgisini unutturmaya \u00e7al\u0131\u015facak.<\/p>\n<p> Galatasaray, Kad\u0131k\u00f6y&#8217;de alaca\u011f\u0131 d\u00fczg\u00fcn sonu\u00e7la \u00fcst \u00fcste 3, toplamda 25. \u015fampiyonluk amac\u0131nda ilerledi\u011fi \u00dcst\u00fcn Lig&#8217;deki yar\u0131\u015fta ruhsal avantaj\u0131 ele ge\u00e7irmek istiyor.<\/p>\n<p> Fenerbah\u00e7e derbisinden sonra 30. haftay\u0131 ma\u00e7 yapmadan ge\u00e7ecek Galatasaray, 31. haftada deplasmanda \u00e7\u0131kaca\u011f\u0131 Samsunspor ma\u00e7\u0131yla u\u011fra\u015f\u0131na devam edecek.<\/p>\n<p> <strong>Galatasaray tam kadro<\/strong><\/p>\n<p> Sar\u0131-k\u0131rm\u0131z\u0131l\u0131lar, Fenerbah\u00e7e derbisine tam tak\u0131m \u00e7\u0131kacak.<\/p>\n<p> Galatasaray&#8217;da sakatl\u0131\u011f\u0131n\u0131 atlatan Ismail Jakobs&#8217;un yan\u0131 s\u0131ra Macaristan Ulusal Kadrosu&#8217;ndan d\u00f6n\u00fc\u015fte a\u011fr\u0131lar\u0131 bulundu\u011fu i\u00e7in Be\u015fikta\u015f derbisine \u00e7\u0131kmayan Roland Sallai tak\u0131mda yer alabilecek.<\/p>\n<p> A\u011fr\u0131s\u0131 nedeniyle Be\u015fikta\u015f derbisinde tak\u0131mda yer almayan Elias Jelert&#8217;in durumu ise bug\u00fcnk\u00fc idmanda a\u015fik\u00e2r olacak.<\/p>\n<\/div>\n","protected":false},"excerpt":{"rendered":"<p>Galatasaray, T\u00fcrkiye Kupas\u0131&#8217;nda \u00e7ar\u015famba g\u00fcn\u00fc Fenerbah\u00e7e ile kar\u015f\u0131la\u015facak. Sar\u0131-k\u0131rm\u0131z\u0131l\u0131larda derbi \u00f6ncesi eksik oyuncu bulunmuyor.<\/p>\n","protected":false},"author":1,"featured_media":37295,"comment_status":"open","ping_status":"open","sticky":false,"template":"","format":"standard","meta":{"footnotes":""},"categories":[25],"tags":[1956,115,129,50,898],"class_list":["post-37294","post","type-post","status-publish","format-standard","has-post-thumbnail","hentry","category-futbol","tag-derbi","tag-fenerbahce","tag-galatasaray","tag-mac","tag-super-lig"],"_links":{"self":[{"href":"https:\/\/haberbesiktas.tr\/index.php?rest_route=\/wp\/v2\/posts\/37294","targetHints":{"allow":["GET"]}}],"collection":[{"href":"https:\/\/haberbesiktas.tr\/index.php?rest_route=\/wp\/v2\/posts"}],"about":[{"href":"https:\/\/haberbesiktas.tr\/index.php?rest_route=\/wp\/v2\/types\/post"}],"author":[{"embeddable":true,"href":"https:\/\/haberbesiktas.tr\/index.php?rest_route=\/wp\/v2\/users\/1"}],"replies":[{"embeddable":true,"href":"https:\/\/haberbesiktas.tr\/index.php?rest_route=%2Fwp%2Fv2%2Fcomments&post=37294"}],"version-history":[{"count":1,"href":"https:\/\/haberbesiktas.tr\/index.php?rest_route=\/wp\/v2\/posts\/37294\/revisions"}],"predecessor-version":[{"id":37296,"href":"https:\/\/haberbesiktas.tr\/index.php?rest_route=\/wp\/v2\/posts\/37294\/revisions\/37296"}],"wp:featuredmedia":[{"embeddable":true,"href":"https:\/\/haberbesiktas.tr\/index.php?rest_route=\/wp\/v2\/media\/37295"}],"wp:attachment":[{"href":"https:\/\/haberbesiktas.tr\/index.php?rest_route=%2Fwp%2Fv2%2Fmedia&parent=37294"}],"wp:term":[{"taxonomy":"category","embeddable":true,"href":"https:\/\/haberbesiktas.tr\/index.php?rest_route=%2Fwp%2Fv2%2Fcategories&post=37294"},{"taxonomy":"post_tag","embeddable":true,"href":"https:\/\/haberbesiktas.tr\/index.php?rest_route=%2Fwp%2Fv2%2Ftags&post=37294"}],"curies":[{"name":"wp","href":"https:\/\/api.w.org\/{rel}","templated":true}]}}