{"id":37297,"date":"2025-06-14T02:12:05","date_gmt":"2025-06-14T02:12:05","guid":{"rendered":"https:\/\/haberbesiktas.tr\/?p=37297"},"modified":"2025-06-14T02:12:05","modified_gmt":"2025-06-14T02:12:05","slug":"ziraat-bankkart-erkekler-cev-kupasi-finali-ilk-macina-cikacak","status":"publish","type":"post","link":"https:\/\/haberbesiktas.tr\/?p=37297","title":{"rendered":"Ziraat Bankkart, Erkekler CEV Kupas\u0131 finali ilk ma\u00e7\u0131na \u00e7\u0131kacak!"},"content":{"rendered":"<div> Ziraat Bankkart Erkek Voleybol Kadrosu, CEV Kupas\u0131 finali birinci ma\u00e7\u0131nda \u00e7ar\u015famba g\u00fcn\u00fc Polonya kul\u00fcb\u00fc Asseco Resovia ile deplasmanda kar\u015f\u0131la\u015facak.<\/p>\n<p> Rzeszow kentindeki Podpromie Spor Salonu&#8217;nda yap\u0131lacak \u00e7aba TS\u0130 19.00&#8217;da ba\u015flayacak.<\/p>\n<p> Ziraat Bankkart, turnuvan\u0131n son \u015fampiyonu Asseco Resovia kar\u015f\u0131s\u0131nda 9 Nisan \u00c7ar\u015famba g\u00fcn\u00fc Ankara&#8217;da oynanacak r\u00f6van\u015f \u00f6ncesi avantaj yakalamaya \u00e7al\u0131\u015facak.<\/p>\n<p> <strong>Ziraat Bankkart, kupay\u0131 kazanan 2&#8217;nci T\u00fcrk kadrosu olma pe\u015finde<\/strong><\/p>\n<p> Bu y\u0131l T\u00fcrkiye, 2013 (Halkbank), 2018 (Ziraat Bankkart) ve 2019&#8217;dan (Galatasaray) sonra Erkekler CEV Kupas\u0131 finalinde 4&#8217;\u00fcnc\u00fc sefer temsil edilecek.<\/p>\n<p> 2018 CEV Kupas\u0131 ve 2021 CEV Challenge Kupas\u0131&#8217;nda ikincili\u011fi bulunan Ziraat Bankkart, CEV Kupas\u0131&#8217;ndaki 2&#8217;nci, Avrupa kupalar\u0131ndaki 3&#8217;\u00fcnc\u00fc finaline \u00e7\u0131kacak.<\/p>\n<p> Ba\u015f\u015fehir tak\u0131m\u0131, kul\u00fcp tarihinin Avrupa kupalar\u0131ndaki birinci \u015fampiyonlu\u011funu elde etmek ve T\u00fcrkiye&#8217;ye Erkekler CEV Kupas\u0131&#8217;ndaki 2&#8217;nci zaferini ya\u015fatmak istiyor.<\/p>\n<p> 2013 finalinde \u0130talya&#8217;n\u0131n Top Volley Latina ekibiyle yapt\u0131\u011f\u0131 ma\u00e7lar\u0131 3-1 ve 3-2 kazanan Halkbank&#8217;tan di\u011fer Erkekler CEV Kupas\u0131&#8217;n\u0131 kald\u0131ran T\u00fcrk kul\u00fcb\u00fc bulunmuyor.<\/p><\/div>\n<div>\u00a0<\/div>\n","protected":false},"excerpt":{"rendered":"<p>CEV Kupas\u0131&#8217;nda Asseco Resovia&#8217;ya konuk olacak Ba\u015f\u015fehir tak\u0131m\u0131, Avrupa kupalar\u0131ndaki birinci \u015fampiyonlu\u011funu elde etmek ve T\u00fcrkiye&#8217;ye Erkekler CEV Kupas\u0131&#8217;ndaki 2&#8217;nci zaferini ya\u015fatmak istiyor.<\/p>\n","protected":false},"author":1,"featured_media":37298,"comment_status":"open","ping_status":"open","sticky":false,"template":"","format":"standard","meta":{"footnotes":""},"categories":[39],"tags":[2921,2132],"class_list":["post-37297","post","type-post","status-publish","format-standard","has-post-thumbnail","hentry","category-voleybol","tag-cev-kupasi","tag-ziraat-bankkart"],"_links":{"self":[{"href":"https:\/\/haberbesiktas.tr\/index.php?rest_route=\/wp\/v2\/posts\/37297","targetHints":{"allow":["GET"]}}],"collection":[{"href":"https:\/\/haberbesiktas.tr\/index.php?rest_route=\/wp\/v2\/posts"}],"about":[{"href":"https:\/\/haberbesiktas.tr\/index.php?rest_route=\/wp\/v2\/types\/post"}],"author":[{"embeddable":true,"href":"https:\/\/haberbesiktas.tr\/index.php?rest_route=\/wp\/v2\/users\/1"}],"replies":[{"embeddable":true,"href":"https:\/\/haberbesiktas.tr\/index.php?rest_route=%2Fwp%2Fv2%2Fcomments&post=37297"}],"version-history":[{"count":1,"href":"https:\/\/haberbesiktas.tr\/index.php?rest_route=\/wp\/v2\/posts\/37297\/revisions"}],"predecessor-version":[{"id":37299,"href":"https:\/\/haberbesiktas.tr\/index.php?rest_route=\/wp\/v2\/posts\/37297\/revisions\/37299"}],"wp:featuredmedia":[{"embeddable":true,"href":"https:\/\/haberbesiktas.tr\/index.php?rest_route=\/wp\/v2\/media\/37298"}],"wp:attachment":[{"href":"https:\/\/haberbesiktas.tr\/index.php?rest_route=%2Fwp%2Fv2%2Fmedia&parent=37297"}],"wp:term":[{"taxonomy":"category","embeddable":true,"href":"https:\/\/haberbesiktas.tr\/index.php?rest_route=%2Fwp%2Fv2%2Fcategories&post=37297"},{"taxonomy":"post_tag","embeddable":true,"href":"https:\/\/haberbesiktas.tr\/index.php?rest_route=%2Fwp%2Fv2%2Ftags&post=37297"}],"curies":[{"name":"wp","href":"https:\/\/api.w.org\/{rel}","templated":true}]}}