{"id":37407,"date":"2025-06-14T09:12:11","date_gmt":"2025-06-14T09:12:11","guid":{"rendered":"https:\/\/haberbesiktas.tr\/?p=37407"},"modified":"2025-06-14T09:12:11","modified_gmt":"2025-06-14T09:12:11","slug":"recep-ucardan-fenerbahce-ve-galatasaray-aciklamasi","status":"publish","type":"post","link":"https:\/\/haberbesiktas.tr\/?p=37407","title":{"rendered":"Recep U\u00e7ar&#8217;dan Fenerbah\u00e7e ve Galatasaray a\u00e7\u0131klamas\u0131"},"content":{"rendered":"<div>Ziraat T\u00fcrkiye Kupas\u0131 \u00e7eyrek final ma\u00e7\u0131nda, konuk etti\u011fi \u0130skenderunspor&#8217;u 3-0 yenerek yar\u0131 finale y\u00fckselen T\u00dcMOSAN Konyaspor&#8217;da teknik y\u00f6netici Recep U\u00e7ar, Fenerbah\u00e7e-Galatasaray ma\u00e7\u0131ndan kim galip \u00e7\u0131karsa \u00e7\u0131ks\u0131n b\u00fcy\u00fck bir s\u00fcrprize imza atarak, kupada final oynamak istediklerini s\u00f6yledi.<\/p>\n<p> U\u00e7ar, ma\u00e7\u0131n akabinde MEDA\u015e Konya B\u00fcy\u00fck\u015fehir Stad\u0131&#8217;nda d\u00fczenlenen bas\u0131n toplant\u0131s\u0131nda, birinci g\u00fcnden itibaren kupan\u0131n kendileri i\u00e7in k\u0131ymetli bir ama\u00e7 oldu\u011funu belirtti.<\/p>\n<p> Yar\u0131 finale kalan grubunu kutlayan U\u00e7ar, &#8220;Camiam\u0131za 4 g\u00fcn \u00f6ncesinde Gaziantep&#8217;i yenerek bir bayram memnunlu\u011fu ya\u015fatm\u0131\u015ft\u0131k. Bug\u00fcn de yar\u0131 finale kalarak ikinci bayram arma\u011fan\u0131 vermenin memnunlu\u011funu ya\u015f\u0131yoruz.&#8221; dedi.<\/p>\n<p> U\u00e7ar, \u0130skenderunspor&#8217;un s\u0131k\u0131nt\u0131 evrelerden ge\u00e7erek buraya kadar gelmesinin tesad\u00fcf olmad\u0131\u011f\u0131n\u0131, ortaya koyduklar\u0131 gayretle de bunu g\u00f6sterdiklerini anlatt\u0131.<\/p>\n<p> <strong>&#8211; &#8220;Final oynamak istiyoruz&#8221;<\/strong><\/p>\n<p> Kupada daha az m\u00fcddet alan oyuncularla bu noktaya kadar geldiklerini aktaran U\u00e7ar, <strong>&#8220;Her oyuncumuz, bedelli oldu\u011funu bir sefer daha g\u00f6sterdi. Hepsine te\u015fekk\u00fcr ediyorum. Bug\u00fcn prestijiyle yar\u0131 finaldeyiz. Rakibimiz yar\u0131n oynanacak ma\u00e7tan sonra belirli olacak. Fenerbah\u00e7e ve Galatasaray&#8217;dan biri buraya favori olarak gelecek. Biz birinci g\u00fcnden itibaren bu kupay\u0131 bu kente getirmek i\u00e7in b\u00fcy\u00fck hayaller kuruyoruz. Umar\u0131m ger\u00e7ek olur. \u0130ki ekip da bu sene bilhassa ligin ve kupan\u0131n favorileri. \u015eu yahut bu gelsin diye bir tercihim yok. Kim gelirse gelsin, \u00e7ok gayret ederek b\u00fcy\u00fck bir s\u00fcrprize imza atmak ve final oynamak istiyoruz.&#8221;<\/strong> tabirlerini kulland\u0131.<\/p>\n<\/div>\n","protected":false},"excerpt":{"rendered":"<p>Ziraat T\u00fcrkiye Kupas\u0131 \u00e7eyrek final ma\u00e7\u0131nda, konuk etti\u011fi \u0130skenderunspor&#8217;u 3-0 yenerek yar\u0131 finale y\u00fckselen T\u00dcMOSAN Konyaspor&#8217;da teknik y\u00f6netici Recep U\u00e7ar, ma\u00e7\u0131n akabinde a\u00e7\u0131klamalarda bulundu.<\/p>\n","protected":false},"author":1,"featured_media":37408,"comment_status":"open","ping_status":"open","sticky":false,"template":"","format":"standard","meta":{"footnotes":""},"categories":[25],"tags":[235,1574],"class_list":["post-37407","post","type-post","status-publish","format-standard","has-post-thumbnail","hentry","category-futbol","tag-final","tag-ucar"],"_links":{"self":[{"href":"https:\/\/haberbesiktas.tr\/index.php?rest_route=\/wp\/v2\/posts\/37407","targetHints":{"allow":["GET"]}}],"collection":[{"href":"https:\/\/haberbesiktas.tr\/index.php?rest_route=\/wp\/v2\/posts"}],"about":[{"href":"https:\/\/haberbesiktas.tr\/index.php?rest_route=\/wp\/v2\/types\/post"}],"author":[{"embeddable":true,"href":"https:\/\/haberbesiktas.tr\/index.php?rest_route=\/wp\/v2\/users\/1"}],"replies":[{"embeddable":true,"href":"https:\/\/haberbesiktas.tr\/index.php?rest_route=%2Fwp%2Fv2%2Fcomments&post=37407"}],"version-history":[{"count":1,"href":"https:\/\/haberbesiktas.tr\/index.php?rest_route=\/wp\/v2\/posts\/37407\/revisions"}],"predecessor-version":[{"id":37409,"href":"https:\/\/haberbesiktas.tr\/index.php?rest_route=\/wp\/v2\/posts\/37407\/revisions\/37409"}],"wp:featuredmedia":[{"embeddable":true,"href":"https:\/\/haberbesiktas.tr\/index.php?rest_route=\/wp\/v2\/media\/37408"}],"wp:attachment":[{"href":"https:\/\/haberbesiktas.tr\/index.php?rest_route=%2Fwp%2Fv2%2Fmedia&parent=37407"}],"wp:term":[{"taxonomy":"category","embeddable":true,"href":"https:\/\/haberbesiktas.tr\/index.php?rest_route=%2Fwp%2Fv2%2Fcategories&post=37407"},{"taxonomy":"post_tag","embeddable":true,"href":"https:\/\/haberbesiktas.tr\/index.php?rest_route=%2Fwp%2Fv2%2Ftags&post=37407"}],"curies":[{"name":"wp","href":"https:\/\/api.w.org\/{rel}","templated":true}]}}