{"id":37416,"date":"2025-06-14T09:48:12","date_gmt":"2025-06-14T09:48:12","guid":{"rendered":"https:\/\/haberbesiktas.tr\/?p=37416"},"modified":"2025-06-14T09:48:12","modified_gmt":"2025-06-14T09:48:12","slug":"samsunspor-devlet-himayesindeki-cocuklari-agirladi","status":"publish","type":"post","link":"https:\/\/haberbesiktas.tr\/?p=37416","title":{"rendered":"Samsunspor, devlet himayesindeki \u00e7ocuklar\u0131 a\u011f\u0131rlad\u0131"},"content":{"rendered":"<div>Samsun Aile ve Sosyal Hizmetler \u0130l M\u00fcd\u00fcrl\u00fc\u011f\u00fc himayesindeki \u00e7ocuklar, Reeder\u00a0Samsunsporlu futbolcularla vakit ge\u00e7irerek sevin\u00e7li anlar ya\u015fad\u0131.<\/p>\n<p> Aile ve Sosyal Hizmetler M\u00fcd\u00fcrl\u00fc\u011f\u00fc hizmetlerinden yararlanan \u00e7ocuklar, Nuri Asan Tesisleri&#8217;nde futbolcular\u0131 ziyaret etti.<\/p>\n<p> Devlet himayesindeki \u00e7ocuklarla tek tek ilgilenen futbolcular, onlara\u00a0Samsunspor\u00a0atk\u0131s\u0131 arma\u011fan etti.<\/p>\n<p> Birtak\u0131m \u00e7ocuklar, futbolcularla hat\u0131ra foto\u011fraf\u0131 \u00e7ektirdi.<\/p>\n<p> Oyuncularla k\u0131sa m\u00fcddetli top oynama imkan\u0131 bulan \u00e7ocuklar keyifli anlar ya\u015fad\u0131.<\/p>\n<\/div>\n","protected":false},"excerpt":{"rendered":"<p>Samsun Aile ve Sosyal Hizmetler \u0130l M\u00fcd\u00fcrl\u00fc\u011f\u00fc himayesindeki \u00e7ocuklar, Reeder Samsunsporlu futbolcularla vakit ge\u00e7irerek sevin\u00e7li anlar ya\u015fad\u0131.<\/p>\n","protected":false},"author":1,"featured_media":37417,"comment_status":"open","ping_status":"open","sticky":false,"template":"","format":"standard","meta":{"footnotes":""},"categories":[25],"tags":[1209],"class_list":["post-37416","post","type-post","status-publish","format-standard","has-post-thumbnail","hentry","category-futbol","tag-cocuklar"],"_links":{"self":[{"href":"https:\/\/haberbesiktas.tr\/index.php?rest_route=\/wp\/v2\/posts\/37416","targetHints":{"allow":["GET"]}}],"collection":[{"href":"https:\/\/haberbesiktas.tr\/index.php?rest_route=\/wp\/v2\/posts"}],"about":[{"href":"https:\/\/haberbesiktas.tr\/index.php?rest_route=\/wp\/v2\/types\/post"}],"author":[{"embeddable":true,"href":"https:\/\/haberbesiktas.tr\/index.php?rest_route=\/wp\/v2\/users\/1"}],"replies":[{"embeddable":true,"href":"https:\/\/haberbesiktas.tr\/index.php?rest_route=%2Fwp%2Fv2%2Fcomments&post=37416"}],"version-history":[{"count":1,"href":"https:\/\/haberbesiktas.tr\/index.php?rest_route=\/wp\/v2\/posts\/37416\/revisions"}],"predecessor-version":[{"id":37418,"href":"https:\/\/haberbesiktas.tr\/index.php?rest_route=\/wp\/v2\/posts\/37416\/revisions\/37418"}],"wp:featuredmedia":[{"embeddable":true,"href":"https:\/\/haberbesiktas.tr\/index.php?rest_route=\/wp\/v2\/media\/37417"}],"wp:attachment":[{"href":"https:\/\/haberbesiktas.tr\/index.php?rest_route=%2Fwp%2Fv2%2Fmedia&parent=37416"}],"wp:term":[{"taxonomy":"category","embeddable":true,"href":"https:\/\/haberbesiktas.tr\/index.php?rest_route=%2Fwp%2Fv2%2Fcategories&post=37416"},{"taxonomy":"post_tag","embeddable":true,"href":"https:\/\/haberbesiktas.tr\/index.php?rest_route=%2Fwp%2Fv2%2Ftags&post=37416"}],"curies":[{"name":"wp","href":"https:\/\/api.w.org\/{rel}","templated":true}]}}