{"id":37419,"date":"2025-06-14T10:00:09","date_gmt":"2025-06-14T10:00:09","guid":{"rendered":"https:\/\/haberbesiktas.tr\/?p=37419"},"modified":"2025-06-14T10:00:09","modified_gmt":"2025-06-14T10:00:09","slug":"bayer-leverkusen-3-lig-ekibine-elendi","status":"publish","type":"post","link":"https:\/\/haberbesiktas.tr\/?p=37419","title":{"rendered":"Bayer Leverkusen, 3. Lig ekibine elendi!"},"content":{"rendered":"<div>Almanya Kupas\u0131 yar\u0131 final \u00e7abas\u0131nda Bayer Leverkusen ile deplasmanda 3. Lig tak\u0131mlar\u0131ndan Arminia Bielefeld kar\u015f\u0131 kar\u015f\u0131ya geldi.<\/p>\n<p> Sch\u00fccoArena&#8217;da oynanan \u00e7abay\u0131 konut sahibi 2-1 kazand\u0131.<\/p>\n<p> Bayer Leverkusen&#8217;de <strong>Jonathan Tah<\/strong> 17. dakikada kaydetti\u011fi golle durumu 1-0 yapt\u0131.<\/p>\n<p> Arminia Bielefeld&#8217;de topu a\u011flarla bulu\u015fturan <strong>Marius W\u00f6rl<\/strong> ise 20. dakikada skora istikrar getirdi.<\/p>\n<p> 45+3. dakikada sahneye \u00e7\u0131kan<strong> Maximilian Grosser<\/strong>, Arminia Bielefeld&#8217;i Bayer Leverkusen kar\u015f\u0131s\u0131nda \u00f6ne ge\u00e7irdi.<\/p>\n<p> Soyunma odas\u0131na da 2-1&#8217;lik skorla gidildi.<\/p>\n<p> Arminia Bielefeld ma\u00e7\u0131n ikinci yar\u0131s\u0131nda \u00fcst\u00fcnl\u00fc\u011f\u00fcn\u00fc m\u00fcdafaay\u0131 bildi ve Almanya Kupas\u0131&#8217;nda Bayer Leverkusen&#8217;i saf d\u0131\u015f\u0131 b\u0131rakarak ismini finale yazd\u0131rd\u0131.<\/p>\n<p> <strong>UNION BERL\u0130N&#8217;DEN SONRA B\u0130R \u0130LK<\/strong><\/p>\n<p> \u00d6te yandan Arminia Bielefeld, 2000-2001 d\u00f6nemindeki Union Berlin&#8217;den sonra Almanya Kupas\u0131&#8217;nda finale y\u00fckselen ilk 3. Lig tak\u0131m\u0131 oldu.<\/p>\n<p> Arminia Bielefeld finalde, Stuttgart &#8211; RB Leipzig e\u015fle\u015fmesinin galibiyle kar\u015f\u0131la\u015facak.<\/p>\n<\/div>\n","protected":false},"excerpt":{"rendered":"<p>Bayer Leverkusen, deplasmanda 3. Lig gruplar\u0131ndan Arminia Bielefeld&#8217;e 2-1 ma\u011flup oldu ve Almanya Kupas\u0131&#8217;na veda etti.<\/p>\n","protected":false},"author":1,"featured_media":37420,"comment_status":"open","ping_status":"open","sticky":false,"template":"","format":"standard","meta":{"footnotes":""},"categories":[25],"tags":[2931],"class_list":["post-37419","post","type-post","status-publish","format-standard","has-post-thumbnail","hentry","category-futbol","tag-arminia-bielefeld"],"_links":{"self":[{"href":"https:\/\/haberbesiktas.tr\/index.php?rest_route=\/wp\/v2\/posts\/37419","targetHints":{"allow":["GET"]}}],"collection":[{"href":"https:\/\/haberbesiktas.tr\/index.php?rest_route=\/wp\/v2\/posts"}],"about":[{"href":"https:\/\/haberbesiktas.tr\/index.php?rest_route=\/wp\/v2\/types\/post"}],"author":[{"embeddable":true,"href":"https:\/\/haberbesiktas.tr\/index.php?rest_route=\/wp\/v2\/users\/1"}],"replies":[{"embeddable":true,"href":"https:\/\/haberbesiktas.tr\/index.php?rest_route=%2Fwp%2Fv2%2Fcomments&post=37419"}],"version-history":[{"count":1,"href":"https:\/\/haberbesiktas.tr\/index.php?rest_route=\/wp\/v2\/posts\/37419\/revisions"}],"predecessor-version":[{"id":37421,"href":"https:\/\/haberbesiktas.tr\/index.php?rest_route=\/wp\/v2\/posts\/37419\/revisions\/37421"}],"wp:featuredmedia":[{"embeddable":true,"href":"https:\/\/haberbesiktas.tr\/index.php?rest_route=\/wp\/v2\/media\/37420"}],"wp:attachment":[{"href":"https:\/\/haberbesiktas.tr\/index.php?rest_route=%2Fwp%2Fv2%2Fmedia&parent=37419"}],"wp:term":[{"taxonomy":"category","embeddable":true,"href":"https:\/\/haberbesiktas.tr\/index.php?rest_route=%2Fwp%2Fv2%2Fcategories&post=37419"},{"taxonomy":"post_tag","embeddable":true,"href":"https:\/\/haberbesiktas.tr\/index.php?rest_route=%2Fwp%2Fv2%2Ftags&post=37419"}],"curies":[{"name":"wp","href":"https:\/\/api.w.org\/{rel}","templated":true}]}}