{"id":37425,"date":"2025-06-14T10:24:15","date_gmt":"2025-06-14T10:24:15","guid":{"rendered":"https:\/\/haberbesiktas.tr\/?p=37425"},"modified":"2025-06-14T10:24:15","modified_gmt":"2025-06-14T10:24:15","slug":"arda-gulerin-asisti-real-madridi-finale-tasidi","status":"publish","type":"post","link":"https:\/\/haberbesiktas.tr\/?p=37425","title":{"rendered":"Arda G\u00fcler&#8217;in asisti, Real Madrid&#8217;i finale ta\u015f\u0131d\u0131!"},"content":{"rendered":"<div>\u0130spanya Kral Kupas\u0131 yar\u0131 final r\u00f6van\u015f ma\u00e7\u0131nda Real Madrid, alan\u0131nda Real Sociedad&#8217;\u0131 konuk etti.<\/p>\n<p> Birinci ma\u00e7\u0131 1-0 kazanan Real Madrid, Santiago Bernabeu&#8217;da oynanan ma\u00e7\u0131n ola\u011fan m\u00fcddetini 4-3 ma\u011flup tamamlad\u0131.<\/p>\n<p> Uzatmalara giden ma\u00e7ta 4-4&#8217;\u00fc yakalayan Real Madrid, ismini finale yazd\u0131rd\u0131.<\/p>\n<p> <strong>ARDA G\u00dcLER DAMGA VURDU!<\/strong><\/p>\n<p> Real Madrid&#8217;de ulusal futbolcu Arda G\u00fcler, uzatma dakikalar\u0131n\u0131n ikinci yar\u0131s\u0131nda Rodrygo&#8217;nun 106. dakikada oyuna dahil oldu. Arda G\u00fcler, Antonio R\u00fcdiger&#8217;in uzatma devresinin son k\u0131sm\u0131nda att\u0131\u011f\u0131 gol\u00fcn asistini yapt\u0131.<\/p>\n<blockquote class=\"twitter-tweet\" data-width=\"500\" data-dnt=\"true\">\n<p lang=\"tr\" dir=\"ltr\">\ud83c\uddf9\ud83c\uddf7Arda G\u00fcler&#39;in asisti, R\u00fcdiger&#39;in gol\u00fc! <a href=\"https:\/\/t.co\/KEzcnADjls\" rel=\"nofollow\">pic.twitter.com\/KEzcnADjls<\/a><\/p>\n<p>&mdash; Sporxtv (@sporxtv) <a href=\"https:\/\/twitter.com\/sporxtv\/status\/1907192902494588937?ref_src=twsrc%5Etfw\" rel=\"nofollow noopener\" target=\"_blank\">April 1, 2025<\/a><\/p><\/blockquote>\n<p><script async src=\"https:\/\/platform.twitter.com\/widgets.js\" charset=\"utf-8\"><\/script><\/p>\n<p> \u00c7abaya d\u00fczg\u00fcn ba\u015flayan Real Sociedad, 16. dakikada <strong>Ander Barrenetxea<\/strong> ile \u00f6ne ge\u00e7ti. Real Madrid, 30. dakikada<strong> Endrick<\/strong>&#8216;in kaydetti\u011fi golle soyunma odas\u0131na 1-1 beraberlikle girdi.<\/p>\n<p> \u0130kinci yar\u0131da Real Madrid, 72. dakikada<strong> David Alaba&#8217;n\u0131n<\/strong> kendi kalesine ve 80. dakikada <strong>Mikel Oyarzabal<\/strong>&#8216;\u0131n kaydetti\u011fi gollerle 3-1 geriye d\u00fc\u015ft\u00fc.<\/p>\n<p> Gayretin kalan k\u0131sm\u0131nda bask\u0131s\u0131n\u0131 artt\u0131ran konut sahibi tak\u0131m, 82. dakikada <strong>Jude Bellingham<\/strong> ile fark\u0131 te\u011fe indirdi. 86. dakikada <strong>Aurelien Tchouameni<\/strong>&#8216;nin gol\u00fcyle beraberli\u011fi yakalayan Real Madrid, 90+3. dakikada<strong> Mikel Oyarzabal&#8217;<\/strong>\u0131n gol\u00fcne mahzur olamad\u0131.<\/p>\n<p> Ma\u00e7\u0131n kalan dakikalar\u0131nda di\u011fer gol olmay\u0131nca ola\u011fan m\u00fcddeti 4-3 Real Sociedad&#8217;\u0131n galibiyeti ile sona erdi.<\/p>\n<p> Uzatmalara giden ma\u00e7ta son be\u015f dakikaya girilirken kazan\u0131lan kornerde <strong>Arda G\u00fcler&#8217;<\/strong>in kulland\u0131\u011f\u0131 k\u00f6\u015fe vuru\u015funda <strong>Antonio R\u00fcdiger<\/strong>&#8216;in att\u0131\u011f\u0131 gol, m\u00fcsabakan\u0131n sonucunu belirledi.<\/p>\n<\/div>\n","protected":false},"excerpt":{"rendered":"<p>\u0130spanya Kral Kupas\u0131 yar\u0131 final r\u00f6van\u015f\u0131nda Real Madrid ile Real Sociedad, uzatmalara giden ma\u00e7ta 4-4 berabere kald\u0131. Ma\u00e7ta Arda G\u00fcler&#8217;in asistiyle Antonio R\u00fcdiger&#8217;in gol\u00fc Real Madrid&#8217;i finale ta\u015f\u0131d\u0131.<\/p>\n","protected":false},"author":1,"featured_media":37427,"comment_status":"open","ping_status":"open","sticky":false,"template":"","format":"standard","meta":{"footnotes":""},"categories":[25],"tags":[77,364],"class_list":["post-37425","post","type-post","status-publish","format-standard","has-post-thumbnail","hentry","category-futbol","tag-gol","tag-real-madrid"],"_links":{"self":[{"href":"https:\/\/haberbesiktas.tr\/index.php?rest_route=\/wp\/v2\/posts\/37425","targetHints":{"allow":["GET"]}}],"collection":[{"href":"https:\/\/haberbesiktas.tr\/index.php?rest_route=\/wp\/v2\/posts"}],"about":[{"href":"https:\/\/haberbesiktas.tr\/index.php?rest_route=\/wp\/v2\/types\/post"}],"author":[{"embeddable":true,"href":"https:\/\/haberbesiktas.tr\/index.php?rest_route=\/wp\/v2\/users\/1"}],"replies":[{"embeddable":true,"href":"https:\/\/haberbesiktas.tr\/index.php?rest_route=%2Fwp%2Fv2%2Fcomments&post=37425"}],"version-history":[{"count":1,"href":"https:\/\/haberbesiktas.tr\/index.php?rest_route=\/wp\/v2\/posts\/37425\/revisions"}],"predecessor-version":[{"id":37428,"href":"https:\/\/haberbesiktas.tr\/index.php?rest_route=\/wp\/v2\/posts\/37425\/revisions\/37428"}],"wp:featuredmedia":[{"embeddable":true,"href":"https:\/\/haberbesiktas.tr\/index.php?rest_route=\/wp\/v2\/media\/37427"}],"wp:attachment":[{"href":"https:\/\/haberbesiktas.tr\/index.php?rest_route=%2Fwp%2Fv2%2Fmedia&parent=37425"}],"wp:term":[{"taxonomy":"category","embeddable":true,"href":"https:\/\/haberbesiktas.tr\/index.php?rest_route=%2Fwp%2Fv2%2Fcategories&post=37425"},{"taxonomy":"post_tag","embeddable":true,"href":"https:\/\/haberbesiktas.tr\/index.php?rest_route=%2Fwp%2Fv2%2Ftags&post=37425"}],"curies":[{"name":"wp","href":"https:\/\/api.w.org\/{rel}","templated":true}]}}