{"id":37442,"date":"2025-06-14T11:24:10","date_gmt":"2025-06-14T11:24:10","guid":{"rendered":"https:\/\/haberbesiktas.tr\/?p=37442"},"modified":"2025-06-14T11:24:10","modified_gmt":"2025-06-14T11:24:10","slug":"galatasarayda-derbi-oncesi-zafer-yemini","status":"publish","type":"post","link":"https:\/\/haberbesiktas.tr\/?p=37442","title":{"rendered":"Galatasaray&#8217;da derbi \u00f6ncesi zafer yemini!"},"content":{"rendered":"<div>Ziraat T\u00fcrkiye Kupas\u0131 \u00e7eyrek finalinde bu ak\u015fam ezeli rakibi Fenerbah\u00e7e&#8217;ye konuk olacak Galatasaray, dev ma\u00e7a odakland\u0131.<\/p>\n<p> Ligdeki Be\u015fikta\u015f hezimeti sonras\u0131 \u00fcz\u00fclen Aslan&#8217;da t\u00fcm futbolcular Fenerbah\u00e7e derbisi \u00f6ncesi bir ortaya gelerek galibiyet i\u00e7in kenetlendi. Kemerburgaz&#8217;daki b\u00fcsb\u00fct\u00fcn derbiyie odaklanan futbolcular, hem ligdeki \u00fcz\u00fcnt\u00fcy\u00fc unutturmak hem kupa gayesinde sorun ya\u015famamak hem de taraftarlar\u0131na Fenerbah\u00e7e zaferi ikram etmek istiyor.<\/p>\n<p> <strong>KAPTANLARDAN MOT\u0130VASYON<\/strong><\/p>\n<p> Kaptan Fernando Muslera, Dries Mertens ve Victor Osimhen \u00fczere \u00f6nder isimler de grupla s\u0131k s\u0131k konu\u015fmalar yaparak Fenerbah\u00e7e ma\u00e7\u0131n\u0131n de\u011ferinden bahsediyor. Sar\u0131-k\u0131rm\u0131z\u0131l\u0131 futbolcular, Be\u015fikta\u015f ma\u00e7\u0131n\u0131n geride kald\u0131\u011f\u0131n\u0131, Kad\u0131k\u00f6y&#8217;deki derbinin d\u00f6nemin en kritik d\u00f6neme\u00e7lerinden biri oldu\u011funu savunuyor. Kaptan Muslera, grup arkada\u015flar\u0131yla s\u0131k s\u0131k konu\u015fmalar yaparak Fenerbah\u00e7e deplasman\u0131nda kazand\u0131klar\u0131 galibiyetleri an\u0131msat\u0131yor.<\/p>\n<p> <strong>\u0130LK GOLLER\u0130 ATIYOR<\/strong><\/p>\n<p> Sar\u0131-k\u0131rm\u0131z\u0131l\u0131 grup, son 30 y\u0131lda Fenerbah\u00e7e ile oynanan Cumhurba\u015fkanl\u0131\u011f\u0131 Kupas\u0131, T\u00fcrkiye Kupas\u0131 ve TFF Muhte\u015fem Kupa ma\u00e7lar\u0131nda \u00e7o\u011funlukla birinci gol\u00fc atan taraf olmay\u0131 ba\u015far\u0131yor. Kelam konusu 16 m\u00fcsabakan\u0131n 10&#8217;unda birinci gol\u00fc atan taraf olan Galatasaray, bu ma\u00e7lar\u0131n 8&#8217;ini kazand\u0131 (H\u00fckmen 3-0 kazan\u0131lan ma\u00e7ta Mauro Icardi&#8217;nin gol\u00fc dahil). Son 30 y\u0131lda Fenerbah\u00e7e&#8217;ye kar\u015f\u0131 birinci gol\u00fc att\u0131\u011f\u0131 kupa ma\u00e7lar\u0131n\u0131 kaybetmeyen Galatasaray, 2 sefer de alandan beraberlikle ayr\u0131ld\u0131.<\/p>\n<p> <strong>KADIK\u00d6Y&#8217;DE KAYBETM\u0130YOR<\/strong><\/p>\n<p> Okan Buruk, Galatasaray&#8217;\u0131n ba\u015f\u0131nda Kad\u0131k\u00f6y&#8217;de hi\u00e7 yenilmedi. 2022-2023 d\u00f6neminden bu yana sar\u0131-k\u0131rm\u0131z\u0131l\u0131 ekipte misyon yapan Buruk; Fenerbah\u00e7e deplasman\u0131nda 3 ma\u00e7a \u00e7\u0131karken, 2 galibiyet, 1 beraberlik elde etti. Okan Buruk&#8217;un \u00f6\u011frencileri kelam konusu ma\u00e7larda rakip filelere 6 gol b\u0131rak\u0131rken, kalesinde ise yaln\u0131zca 1 gol g\u00f6rd\u00fc.<\/p>\n<p> <strong>OSIMHEN \u00c7OK HIRSLI<\/strong><\/p>\n<p> Sar\u0131-k\u0131rm\u0131z\u0131l\u0131 formayla 26 gole imzas\u0131n\u0131 koyan Victor Osimhen, g\u00f6z\u00fcn\u00fc F.Bah\u00e7e derbisine \u00e7evirdi. Bu d\u00f6nem sar\u0131-lacivertlilere kar\u015f\u0131 ligde 2 ma\u00e7a \u00e7\u0131kan Osimhen, gol atma ba\u015far\u0131s\u0131 g\u00f6steremedi. Yaln\u0131zca Kad\u0131k\u00f6y&#8217;de 3-1 kazand\u0131klar\u0131 \u00e7abada Mertens&#8217;e asist yapan Nijeryal\u0131 y\u0131ld\u0131z, kupadaki dev ma\u00e7ta ger\u00e7ek G.Sarayl\u0131 olmak istiyor. 26 ya\u015f\u0131ndaki forvet 3. sefer rakip olaca\u011f\u0131 F.Bah\u00e7e&#8217;ye gol atmay\u0131 \u00e7ok istiyor ve derbiye ekstra motive oluyor.<\/p>\n<p> <strong>MUSLERA&#8217;NIN 34. DERB\u0130S\u0130<\/strong><\/p>\n<p> Galatasaray&#8217;da d\u00f6nem sonu ayr\u0131lmas\u0131 beklenen Fernando Muslera 34&#8217;nc\u00fc F.Bah\u00e7e derbisine \u00e7\u0131kacak. Uruguayl\u0131 kaleci, Fenerbah\u00e7e&#8217;ye kar\u015f\u0131 oynad\u0131\u011f\u0131 33 ma\u00e7ta 13 galibiyet, 12 beraberlik ve 8 hezimet istatisti\u011fi yakalad\u0131. Muslera&#8217;ya bu ak\u015fam yap\u0131lacak dev ma\u00e7ta tekrar \u00e7ok i\u015f d\u00fc\u015fecek.<\/p>\n<p> <strong>6 FARKLI \u0130S\u0130M ATTI<\/strong><\/p>\n<p> Ziraat T\u00fcrkiye Kupas\u0131&#8217;nda C K\u00fcmesi&#8217;nde 3 ma\u00e7ta rakip fileleri 6 defa havaland\u0131ran Galatasaray&#8217;da, bu gollerin hepsi farkl\u0131 oyunculardan geldi. Sar\u0131-k\u0131rm\u0131z\u0131l\u0131larda kelam konusu golleri; Alvaro Morata, Abd\u00fclkerim Bardakc\u0131, Davinson Sanchez, Ahmed Kutucu, Yusuf Demir ve Ey\u00fcp Ayd\u0131n kaydetti.<\/p>\n<p> <strong>KUPADA B\u00dcY\u00dcK \u00dcST\u00dcNL\u00dcK KURDU<\/strong><\/p>\n<p> Galatasaray, Fenerbah\u00e7e&#8217;ye kar\u015f\u0131 T\u00fcrkiye Kupas\u0131&#8217;nda k\u0131ymetli bir \u00fcst\u00fcnl\u00fc\u011fe sahip. \u0130ki grup, T\u00fcrkiye Kupas\u0131 tarihinde 28. sefer kar\u015f\u0131 kar\u015f\u0131ya gelecek. T\u00fcrk futbolunun iki \u00e7\u0131nar\u0131, 1962-1963 d\u00f6neminden bu yana 27 kere kupada rakip oldu. Kelam konusu kar\u015f\u0131la\u015fmalarda sar\u0131-k\u0131rm\u0131z\u0131l\u0131 grup 14 kere kazan\u0131rken, sar\u0131-lacivertliler yaln\u0131zca 3 galibiyet alabildi. 10 ma\u00e7 ise berabere bitti. Kupadaki derbilerde Galatasaray&#8217;\u0131n att\u0131\u011f\u0131 44 gole, Fenerbah\u00e7e toplamda 29 golle kar\u015f\u0131l\u0131k verebildi.<\/p>\n<p> <strong>C\u0130MBOM TAM KADRO<\/strong><\/p>\n<p> Cimbom, Kad\u0131k\u00f6y&#8217;deki dev ma\u00e7 \u00f6ncesi haz\u0131rl\u0131klar\u0131n\u0131 tamamlad\u0131. Okan Buruk idaresindeki idman\u0131n akabinde sar\u0131-k\u0131rm\u0131z\u0131l\u0131 futbolcular ma\u00e7 saatini beklemeye ba\u015flad\u0131. Bu ortada Aslan, Fenerbah\u00e7e derbisine tam tak\u0131m \u00e7\u0131kacak. Galatasaray&#8217;da sakatl\u0131\u011f\u0131n\u0131 atlatan Ismail Jakobs&#8217;un yan\u0131 s\u0131ra Macaristan Ulusal Grubu d\u00f6n\u00fc\u015f\u00fcnde a\u011fr\u0131lar\u0131 bulundu\u011fu i\u00e7in Be\u015fikta\u015f derbisine \u00e7\u0131kamayan Roland Sallai de tak\u0131mda yer alabilecek. A\u011fr\u0131s\u0131 nedeniyle Be\u015fikta\u015f derbisinde tak\u0131mda yer almayan Elias Jelert&#8217;in durumu ma\u00e7 saatinde muhakkak olacak. Be\u015fikta\u015f derbisinde k\u0131rm\u0131z\u0131 kart g\u00f6ren Frankowski ise cezal\u0131 durumda.<\/p>\n<p> <strong>\u00d6ZBEK&#8217;\u0130N 13. DERB\u0130S\u0130<\/strong><\/p>\n<p> Lider Dursun \u00d6zbek, Fenerbah\u00e7e&#8217;ye kar\u015f\u0131 14. derbinin heyecan\u0131n\u0131 bu ak\u015famki \u00e7abada ya\u015fayacak. Sar\u0131k\u0131rm\u0131z\u0131l\u0131 kul\u00fcb\u00fcn ba\u015fkan\u0131 g\u00f6rev yapt\u0131\u011f\u0131 iki farkl\u0131 periyotta kar\u015f\u0131 dev derbide 5 galibiyet, 5 beraberlik ve 3 hezimet elde etti.<\/p>\n<p> <strong>N\u0130SAN AYINDA ROTASI<\/strong><\/p>\n<p> Sar\u0131-k\u0131rm\u0131z\u0131l\u0131lar, kupadaki Fenerbah\u00e7e derbisi sonras\u0131 ligde hafta sonunu BAY ge\u00e7ecek. Galatasaray, 11 Nisan&#8217;da Samsunspor deplasman\u0131na gidecek. Aslan 18-21 Nisan haftas\u0131 da Bodrum FK ile oynayacak, 25-28 Nisan periyodunda ise rakip Ey\u00fcpspor.\u00a0\u00a0<\/p>\n<div>\u00a0<\/div>\n<p> \u00a0<\/p>\n<\/div>\n","protected":false},"excerpt":{"rendered":"<p>Galatasaray, Kad\u0131k\u00f6y&#8217;deki dev ma\u00e7 i\u00e7in b\u00fcsb\u00fct\u00fcn zafere kilitlendi. Ziraat T\u00fcrkiye Kupas\u0131&#8217;nda yar\u0131 finali hedefleyen Aslan&#8217;da t\u00fcm ekip bir ortaya geldi, galibiyet yemini etti.<\/p>\n","protected":false},"author":1,"featured_media":37443,"comment_status":"open","ping_status":"open","sticky":false,"template":"","format":"standard","meta":{"footnotes":""},"categories":[25],"tags":[2768,115,77,120,50],"class_list":["post-37442","post","type-post","status-publish","format-standard","has-post-thumbnail","hentry","category-futbol","tag-derbisi","tag-fenerbahce","tag-gol","tag-kupa","tag-mac"],"_links":{"self":[{"href":"https:\/\/haberbesiktas.tr\/index.php?rest_route=\/wp\/v2\/posts\/37442","targetHints":{"allow":["GET"]}}],"collection":[{"href":"https:\/\/haberbesiktas.tr\/index.php?rest_route=\/wp\/v2\/posts"}],"about":[{"href":"https:\/\/haberbesiktas.tr\/index.php?rest_route=\/wp\/v2\/types\/post"}],"author":[{"embeddable":true,"href":"https:\/\/haberbesiktas.tr\/index.php?rest_route=\/wp\/v2\/users\/1"}],"replies":[{"embeddable":true,"href":"https:\/\/haberbesiktas.tr\/index.php?rest_route=%2Fwp%2Fv2%2Fcomments&post=37442"}],"version-history":[{"count":1,"href":"https:\/\/haberbesiktas.tr\/index.php?rest_route=\/wp\/v2\/posts\/37442\/revisions"}],"predecessor-version":[{"id":37444,"href":"https:\/\/haberbesiktas.tr\/index.php?rest_route=\/wp\/v2\/posts\/37442\/revisions\/37444"}],"wp:featuredmedia":[{"embeddable":true,"href":"https:\/\/haberbesiktas.tr\/index.php?rest_route=\/wp\/v2\/media\/37443"}],"wp:attachment":[{"href":"https:\/\/haberbesiktas.tr\/index.php?rest_route=%2Fwp%2Fv2%2Fmedia&parent=37442"}],"wp:term":[{"taxonomy":"category","embeddable":true,"href":"https:\/\/haberbesiktas.tr\/index.php?rest_route=%2Fwp%2Fv2%2Fcategories&post=37442"},{"taxonomy":"post_tag","embeddable":true,"href":"https:\/\/haberbesiktas.tr\/index.php?rest_route=%2Fwp%2Fv2%2Ftags&post=37442"}],"curies":[{"name":"wp","href":"https:\/\/api.w.org\/{rel}","templated":true}]}}