{"id":37469,"date":"2025-06-14T13:12:11","date_gmt":"2025-06-14T13:12:11","guid":{"rendered":"https:\/\/haberbesiktas.tr\/?p=37469"},"modified":"2025-06-14T13:12:11","modified_gmt":"2025-06-14T13:12:11","slug":"besiktas-istanbulu-sevdi","status":"publish","type":"post","link":"https:\/\/haberbesiktas.tr\/?p=37469","title":{"rendered":"Be\u015fikta\u015f, \u0130stanbul&#8217;u sevdi!"},"content":{"rendered":"<div>\n<p>Son olarak 15 Mart&#8217;ta \u0130stanbul d\u0131\u015f\u0131na \u00e7\u0131kan ve Konya&#8217;ya konuk olan Be\u015fikta\u015f, 20 Nisan&#8217;a kadar d\u0131\u015far\u0131ya \u00e7\u0131kmayacak.\u00a0<\/p>\n<p> Siyah-beyazl\u0131lar, Konya ma\u00e7\u0131n\u0131n akabinde ulusal ortada dinlenmi\u015f, akabinde da Galatasaray&#8217;\u0131 a\u011f\u0131rlam\u0131\u015ft\u0131.<\/p>\n<p> Kupada G\u00f6ztepe&#8217;yi konuk edecek olan Be\u015fikta\u015f, ligde Kas\u0131mpa\u015fa&#8217;ya gidecek. Akabinde Ba\u015fak\u015fehir&#8217;i a\u011f\u0131rlayacak olan siyah-beyazl\u0131lar, 20 Nisan&#8217;da ise ligde G\u00f6ztepe&#8217;ye konuk olacak. Be\u015fikta\u015f, 35 g\u00fcn sonra \u0130stanbul d\u0131\u015f\u0131na \u00e7\u0131km\u0131\u015f olacak.<\/p>\n<p> <strong>HAZIRLIKLAR S\u00dcR\u00dcYOR<\/strong><\/p>\n<p> Ziraat t\u00fcrkiye Kupas\u0131&#8217;ndaki G\u00f6ztepe ma\u00e7\u0131n\u0131n haz\u0131rl\u0131klar\u0131 t\u00fcm s\u00fcratiyle devam ediyor. Teknik y\u00f6netici Ole Gunnar Solskjaer idaresinde yap\u0131lan idmanda, kondisyon ve taktik \u00e7al\u0131\u015fma ger\u00e7ekle\u015ftirildi. \u0130dman yap\u0131lan \u00e7ift kale ma\u00e7la sona ererken \u00e7al\u0131\u015fmalar bug\u00fcnk\u00fc egzersizle son bulacak. \u0130dmanda sakatl\u0131\u011f\u0131n\u0131 atlatan Necip Uysal da kadroyla birlikte \u00e7al\u0131\u015ft\u0131.<\/p>\n<div>\u00a0<\/div>\n<\/div>\n","protected":false},"excerpt":{"rendered":"<p>Son olarak 15 Mart&#8217;ta \u0130stanbul d\u0131\u015f\u0131na \u00e7\u0131kan ve Konya&#8217;ya konuk olan Be\u015fikta\u015f, 20 Nisan&#8217;a kadar d\u0131\u015far\u0131ya \u00e7\u0131kmayacak.<\/p>\n","protected":false},"author":1,"featured_media":37470,"comment_status":"open","ping_status":"open","sticky":false,"template":"","format":"standard","meta":{"footnotes":""},"categories":[25],"tags":[],"class_list":["post-37469","post","type-post","status-publish","format-standard","has-post-thumbnail","hentry","category-futbol"],"_links":{"self":[{"href":"https:\/\/haberbesiktas.tr\/index.php?rest_route=\/wp\/v2\/posts\/37469","targetHints":{"allow":["GET"]}}],"collection":[{"href":"https:\/\/haberbesiktas.tr\/index.php?rest_route=\/wp\/v2\/posts"}],"about":[{"href":"https:\/\/haberbesiktas.tr\/index.php?rest_route=\/wp\/v2\/types\/post"}],"author":[{"embeddable":true,"href":"https:\/\/haberbesiktas.tr\/index.php?rest_route=\/wp\/v2\/users\/1"}],"replies":[{"embeddable":true,"href":"https:\/\/haberbesiktas.tr\/index.php?rest_route=%2Fwp%2Fv2%2Fcomments&post=37469"}],"version-history":[{"count":1,"href":"https:\/\/haberbesiktas.tr\/index.php?rest_route=\/wp\/v2\/posts\/37469\/revisions"}],"predecessor-version":[{"id":37471,"href":"https:\/\/haberbesiktas.tr\/index.php?rest_route=\/wp\/v2\/posts\/37469\/revisions\/37471"}],"wp:featuredmedia":[{"embeddable":true,"href":"https:\/\/haberbesiktas.tr\/index.php?rest_route=\/wp\/v2\/media\/37470"}],"wp:attachment":[{"href":"https:\/\/haberbesiktas.tr\/index.php?rest_route=%2Fwp%2Fv2%2Fmedia&parent=37469"}],"wp:term":[{"taxonomy":"category","embeddable":true,"href":"https:\/\/haberbesiktas.tr\/index.php?rest_route=%2Fwp%2Fv2%2Fcategories&post=37469"},{"taxonomy":"post_tag","embeddable":true,"href":"https:\/\/haberbesiktas.tr\/index.php?rest_route=%2Fwp%2Fv2%2Ftags&post=37469"}],"curies":[{"name":"wp","href":"https:\/\/api.w.org\/{rel}","templated":true}]}}