{"id":37478,"date":"2025-06-14T13:48:08","date_gmt":"2025-06-14T13:48:08","guid":{"rendered":"https:\/\/haberbesiktas.tr\/?p=37478"},"modified":"2025-06-14T13:48:08","modified_gmt":"2025-06-14T13:48:08","slug":"besiktasta-gedson-fernandes-gelismesi","status":"publish","type":"post","link":"https:\/\/haberbesiktas.tr\/?p=37478","title":{"rendered":"Be\u015fikta\u015f&#8217;ta Gedson Fernandes geli\u015fmesi!"},"content":{"rendered":"<div>\n<p>Be\u015fikta\u015f&#8217;\u0131n Portekizli y\u0131ld\u0131z\u0131 Gedson ile yeni mukavele konusunda muahedeye var\u0131ld\u0131.<\/p>\n<p> 2027 y\u0131l\u0131nda sona erecek mukavelesini uzatmak isteyen idare, Gedson&#8217;a art\u0131r\u0131ml\u0131 yeni bir kontrat \u00f6nerdi.<\/p>\n<p> Oyuncu ile prensipte muahedeye var\u0131l\u0131rken d\u00f6nem sonunda taraflar\u0131n resmi imzalar\u0131 atmas\u0131 bekleniyor. Portekizli oyuncu i\u00e7in gelen teklifleri geri \u00e7eviren idare, Gedson ile yola devam etmek istiyor.<\/p>\n<p> <strong>PERFORMANSI<\/strong><\/p>\n<p> Gedson, bu d\u00f6nem siyah beyazl\u0131 formayla \u00e7\u0131kt\u0131\u011f\u0131 40 ma\u00e7ta 9 gol 1 asistlik performans sergiledi.\u00a0<\/p>\n<p> <span><br \/><\/span><\/div>\n","protected":false},"excerpt":{"rendered":"<p>Be\u015fikta\u015f, Portekizli y\u0131ld\u0131z\u0131 Gedson Fernandes ile yeni kontrat konusunda prensip muahedesine vard\u0131.<\/p>\n","protected":false},"author":1,"featured_media":37479,"comment_status":"open","ping_status":"open","sticky":false,"template":"","format":"standard","meta":{"footnotes":""},"categories":[25],"tags":[],"class_list":["post-37478","post","type-post","status-publish","format-standard","has-post-thumbnail","hentry","category-futbol"],"_links":{"self":[{"href":"https:\/\/haberbesiktas.tr\/index.php?rest_route=\/wp\/v2\/posts\/37478","targetHints":{"allow":["GET"]}}],"collection":[{"href":"https:\/\/haberbesiktas.tr\/index.php?rest_route=\/wp\/v2\/posts"}],"about":[{"href":"https:\/\/haberbesiktas.tr\/index.php?rest_route=\/wp\/v2\/types\/post"}],"author":[{"embeddable":true,"href":"https:\/\/haberbesiktas.tr\/index.php?rest_route=\/wp\/v2\/users\/1"}],"replies":[{"embeddable":true,"href":"https:\/\/haberbesiktas.tr\/index.php?rest_route=%2Fwp%2Fv2%2Fcomments&post=37478"}],"version-history":[{"count":1,"href":"https:\/\/haberbesiktas.tr\/index.php?rest_route=\/wp\/v2\/posts\/37478\/revisions"}],"predecessor-version":[{"id":37480,"href":"https:\/\/haberbesiktas.tr\/index.php?rest_route=\/wp\/v2\/posts\/37478\/revisions\/37480"}],"wp:featuredmedia":[{"embeddable":true,"href":"https:\/\/haberbesiktas.tr\/index.php?rest_route=\/wp\/v2\/media\/37479"}],"wp:attachment":[{"href":"https:\/\/haberbesiktas.tr\/index.php?rest_route=%2Fwp%2Fv2%2Fmedia&parent=37478"}],"wp:term":[{"taxonomy":"category","embeddable":true,"href":"https:\/\/haberbesiktas.tr\/index.php?rest_route=%2Fwp%2Fv2%2Fcategories&post=37478"},{"taxonomy":"post_tag","embeddable":true,"href":"https:\/\/haberbesiktas.tr\/index.php?rest_route=%2Fwp%2Fv2%2Ftags&post=37478"}],"curies":[{"name":"wp","href":"https:\/\/api.w.org\/{rel}","templated":true}]}}