{"id":37481,"date":"2025-06-14T14:00:14","date_gmt":"2025-06-14T14:00:14","guid":{"rendered":"https:\/\/haberbesiktas.tr\/?p=37481"},"modified":"2025-06-14T14:00:14","modified_gmt":"2025-06-14T14:00:14","slug":"fatih-akyelden-derbi-yorumu-ikisi-de-ligi-dusunuyor","status":"publish","type":"post","link":"https:\/\/haberbesiktas.tr\/?p=37481","title":{"rendered":"Fatih Akyel&#8217;den derbi yorumu: &#8220;\u0130kisi de ligi d\u00fc\u015f\u00fcn\u00fcyor&#8221;"},"content":{"rendered":"<div>T\u00fcrk futbolunda 1997 ve 2005 y\u0131llar\u0131 ortas\u0131nda g\u00f6sterdi\u011fi performansla &#8220;En g\u00fczel sa\u011f bek&#8221; olarak g\u00f6sterilen Fatih Akyel, S\u00f6zc\u00fc&#8217;ye konu\u015ftu. Galatasaray&#8217;da y\u0131ld\u0131z\u0131 parlad\u0131ktan sonra Fenerbah\u00e7e&#8217;ye transfer olup, ezeli rakiplerde forma giyen Akyel, bug\u00fcn kupada oynanacak dev derbiyi k\u0131ymetlendirdi.<\/p>\n<p> Mesle\u011fini teknik y\u00f6netici olarak s\u00fcrd\u00fcren 47 ya\u015f\u0131ndaki Akyel, &#8220;Fenerbah\u00e7e&#8217;nin avantaj\u0131 alan\u0131nda oynayacak olmas\u0131. Fakat Galatasaray, son y\u0131llarda Kad\u0131k\u00f6y&#8217;den keyifli d\u00f6n\u00fcyor. Jose Mourinho ve Okan Buruk vakit zaman telaffuzlar\u0131yla kendi karakterleri d\u0131\u015f\u0131na \u00e7\u0131kabiliyor. Bu da topluluklar\u0131n verdi\u011fi bask\u0131dan \u00f6t\u00fcr\u00fc. Verdi\u011fi deme\u00e7ler ve saha i\u00e7inde taktiklerde yanl\u0131\u015flar yapabiliyor. Az kusur yapan hoca g\u00fclecektir&#8221; dedi.<\/p>\n<p> <strong>&#8220;FENER DAHA RAHAT&#8221;<\/strong><\/p>\n<p> Akyel, lig yar\u0131\u015f\u0131n\u0131n daha de\u011ferli oldu\u011funa dikkat \u00e7ekip \u015f\u00f6yle konu\u015ftu: &#8220;\u0130ki hoca da ligi d\u00fc\u015f\u00fcn\u00fcyor. Ba\u015flar\u0131nda ligdeki \u015fampiyonluk yar\u0131\u015f\u0131 var. Kupa ikinci plandad\u0131r diye d\u00fc\u015f\u00fcn\u00fcyorum. Fenerbah\u00e7e uzun vakittir \u015fampiyon olam\u0131yor. Fener, bu nedenle Trabzonspor ma\u00e7\u0131n\u0131 d\u00fc\u015f\u00fcnecektir. Galatasaray ise 5. y\u0131ld\u0131z\u0131 takmak isteyecektir. Okan Buruk&#8217;un \u00fcst\u00fcnde \u00e7ok bask\u0131 var. D\u00f6nem ba\u015f\u0131ndan bu yana Fenerbah\u00e7e, yar\u0131\u015fta artta ve Galatasaray&#8217;\u0131 kovalamaya \u00e7al\u0131\u015f\u0131yor. Fenerbah\u00e7e ligde kapanan puan fark\u0131n\u0131n yan\u0131 s\u0131ra konutunda oynayacak olmas\u0131yla ruhsal olarak daha rahat. Galatasaray, Be\u015fikta\u015f&#8217;\u0131n akabinde Fenerbah\u00e7e&#8217;ye yenilmek istemeyecek. Bence goll\u00fc ve zevkli bir ma\u00e7 olacakt\u0131r.<\/p>\n<p> <strong>&#8220;EN-NESYRI \u00d6LD\u00dcR\u00dcC\u00dc&#8221;<\/strong><\/p>\n<p> Fenerbah\u00e7e&#8217;de En-Nesyri ve Dzeko var. Dzeko&#8217;nun burnu k\u0131r\u0131lm\u0131\u015ft\u0131, maske ile oynayacak. Ne kadar tesirli olacak bilemiyorum. En-Nesyri formda bir oyuncu; kale alan\u0131nda tek dokunu\u015flar\u0131 \u00e7ok \u00f6ld\u00fcr\u00fcc\u00fc. Kad\u0131k\u00f6y&#8217;de golc\u00fcler ve kaleciler skoru belirleyici olacakt\u0131r. Formda olan hakikat i\u015fleri yapan taraf, avantaj sa\u011flayacak.&#8221;<\/p>\n<p> <strong>&#8220;OSIMHEN&#8217;E TAKV\u0130YE \u015eART&#8221;<\/strong><\/p>\n<p> Derbide golc\u00fclerin performans\u0131n\u0131n ma\u00e7\u0131n baht\u0131n\u0131 belirleyece\u011fini d\u00fc\u015f\u00fcnen Fatih Akyel, &#8220;Son devirlerde Galatasaray Osimhen&#8217;i destekleyemiyor. Son ma\u00e7larda \u00f6nemli manada Osimhen&#8217;e top gelmiyor. Golc\u00fc oyuncu da \u00f6nemli formda konuma girmekte zorlan\u0131yor. Top geldi\u011finde b\u00fct\u00fcn T\u00fcrkiye bu oyuncunun ne yapt\u0131\u011f\u0131n\u0131 ve ne kadar tesirli oldu\u011funu g\u00f6rd\u00fc&#8221; tabirlerini kulland\u0131.<\/p>\n<p> \u00a0<\/p>\n<\/div>\n","protected":false},"excerpt":{"rendered":"<p>Fenerbah\u00e7e ve Galatasaray&#8217;da forma giyen Fatih Akyel, derbiyi S\u00f6zc\u00fc&#8217;ye k\u0131ymetlendirdi. Akyel, &#8220;Hem Mourinho hem de Okan Buruk&#8217;un ba\u015f\u0131nda ligdeki yar\u0131\u015f var. Kupa ikinci plandad\u0131r. F.Bah\u00e7e, \u015fampiyonluk i\u00e7in Trabzonspor ma\u00e7\u0131n\u0131 d\u00fc\u015f\u00fcnecektir. G.Saray da 5. y\u0131ld\u0131z\u0131 takmak istiyor&#8221; dedi<\/p>\n","protected":false},"author":1,"featured_media":37482,"comment_status":"open","ping_status":"open","sticky":false,"template":"","format":"standard","meta":{"footnotes":""},"categories":[25],"tags":[115,129],"class_list":["post-37481","post","type-post","status-publish","format-standard","has-post-thumbnail","hentry","category-futbol","tag-fenerbahce","tag-galatasaray"],"_links":{"self":[{"href":"https:\/\/haberbesiktas.tr\/index.php?rest_route=\/wp\/v2\/posts\/37481","targetHints":{"allow":["GET"]}}],"collection":[{"href":"https:\/\/haberbesiktas.tr\/index.php?rest_route=\/wp\/v2\/posts"}],"about":[{"href":"https:\/\/haberbesiktas.tr\/index.php?rest_route=\/wp\/v2\/types\/post"}],"author":[{"embeddable":true,"href":"https:\/\/haberbesiktas.tr\/index.php?rest_route=\/wp\/v2\/users\/1"}],"replies":[{"embeddable":true,"href":"https:\/\/haberbesiktas.tr\/index.php?rest_route=%2Fwp%2Fv2%2Fcomments&post=37481"}],"version-history":[{"count":1,"href":"https:\/\/haberbesiktas.tr\/index.php?rest_route=\/wp\/v2\/posts\/37481\/revisions"}],"predecessor-version":[{"id":37483,"href":"https:\/\/haberbesiktas.tr\/index.php?rest_route=\/wp\/v2\/posts\/37481\/revisions\/37483"}],"wp:featuredmedia":[{"embeddable":true,"href":"https:\/\/haberbesiktas.tr\/index.php?rest_route=\/wp\/v2\/media\/37482"}],"wp:attachment":[{"href":"https:\/\/haberbesiktas.tr\/index.php?rest_route=%2Fwp%2Fv2%2Fmedia&parent=37481"}],"wp:term":[{"taxonomy":"category","embeddable":true,"href":"https:\/\/haberbesiktas.tr\/index.php?rest_route=%2Fwp%2Fv2%2Fcategories&post=37481"},{"taxonomy":"post_tag","embeddable":true,"href":"https:\/\/haberbesiktas.tr\/index.php?rest_route=%2Fwp%2Fv2%2Ftags&post=37481"}],"curies":[{"name":"wp","href":"https:\/\/api.w.org\/{rel}","templated":true}]}}