{"id":37487,"date":"2025-06-14T14:24:11","date_gmt":"2025-06-14T14:24:11","guid":{"rendered":"https:\/\/haberbesiktas.tr\/?p=37487"},"modified":"2025-06-14T14:24:11","modified_gmt":"2025-06-14T14:24:11","slug":"besiktasta-salih-ucan-karari","status":"publish","type":"post","link":"https:\/\/haberbesiktas.tr\/?p=37487","title":{"rendered":"Be\u015fikta\u015f&#8217;ta Salih U\u00e7an karar\u0131!"},"content":{"rendered":"<div>\n<p>Be\u015fikta\u015f&#8217;ta Salih U\u00e7an hakk\u0131nda bir geli\u015fme ya\u015fand\u0131.<\/p>\n<p> Siyah-beyazl\u0131 ekipte bu sezon ligde 417 dakika forma giyebilen Salih U\u00e7an gelecek y\u0131l ekipte d\u00fc\u015f\u00fcn\u00fclm\u00fcyor.<\/p>\n<p> 2026 sonunda mukavelesi sona erecek olan Salih&#8217;e teklif gelmesi halinde k\u0131ymetlendirecek olan idare, oyuncuyu elden \u00e7\u0131kartamazsa opsiyon unsurunu rafa kald\u0131rarak kontrat\u0131n\u0131n bitimini bekleyecek.\u00a0\u00a0<\/p>\n<div>\u00a0<\/div>\n<p> \u00a0<\/p>\n<p> \u00a0<\/p>\n<\/div>\n","protected":false},"excerpt":{"rendered":"<p>Be\u015fikta\u015f&#8217;ta bu sezon ligde 417 dakika forma giyebilen Salih U\u00e7an gelecek y\u0131l ekipte d\u00fc\u015f\u00fcn\u00fclm\u00fcyor.<\/p>\n","protected":false},"author":1,"featured_media":37488,"comment_status":"open","ping_status":"open","sticky":false,"template":"","format":"standard","meta":{"footnotes":""},"categories":[25],"tags":[],"class_list":["post-37487","post","type-post","status-publish","format-standard","has-post-thumbnail","hentry","category-futbol"],"_links":{"self":[{"href":"https:\/\/haberbesiktas.tr\/index.php?rest_route=\/wp\/v2\/posts\/37487","targetHints":{"allow":["GET"]}}],"collection":[{"href":"https:\/\/haberbesiktas.tr\/index.php?rest_route=\/wp\/v2\/posts"}],"about":[{"href":"https:\/\/haberbesiktas.tr\/index.php?rest_route=\/wp\/v2\/types\/post"}],"author":[{"embeddable":true,"href":"https:\/\/haberbesiktas.tr\/index.php?rest_route=\/wp\/v2\/users\/1"}],"replies":[{"embeddable":true,"href":"https:\/\/haberbesiktas.tr\/index.php?rest_route=%2Fwp%2Fv2%2Fcomments&post=37487"}],"version-history":[{"count":1,"href":"https:\/\/haberbesiktas.tr\/index.php?rest_route=\/wp\/v2\/posts\/37487\/revisions"}],"predecessor-version":[{"id":37489,"href":"https:\/\/haberbesiktas.tr\/index.php?rest_route=\/wp\/v2\/posts\/37487\/revisions\/37489"}],"wp:featuredmedia":[{"embeddable":true,"href":"https:\/\/haberbesiktas.tr\/index.php?rest_route=\/wp\/v2\/media\/37488"}],"wp:attachment":[{"href":"https:\/\/haberbesiktas.tr\/index.php?rest_route=%2Fwp%2Fv2%2Fmedia&parent=37487"}],"wp:term":[{"taxonomy":"category","embeddable":true,"href":"https:\/\/haberbesiktas.tr\/index.php?rest_route=%2Fwp%2Fv2%2Fcategories&post=37487"},{"taxonomy":"post_tag","embeddable":true,"href":"https:\/\/haberbesiktas.tr\/index.php?rest_route=%2Fwp%2Fv2%2Ftags&post=37487"}],"curies":[{"name":"wp","href":"https:\/\/api.w.org\/{rel}","templated":true}]}}