{"id":37816,"date":"2025-06-15T10:36:11","date_gmt":"2025-06-15T10:36:11","guid":{"rendered":"https:\/\/haberbesiktas.tr\/?p=37816"},"modified":"2025-06-15T10:36:11","modified_gmt":"2025-06-15T10:36:11","slug":"fenerbahcede-derbi-sonrasi-buyuk-sessizlik","status":"publish","type":"post","link":"https:\/\/haberbesiktas.tr\/?p=37816","title":{"rendered":"Fenerbah\u00e7e&#8217;de derbi sonras\u0131 b\u00fcy\u00fck sessizlik!"},"content":{"rendered":"<div>Fenerbah\u00e7e, Be\u015fikta\u015f&#8217;\u0131n geride kalan hafta sonu Galatasaray yenmesinin akabinde ezeli rakibi Galatasaray&#8217;\u0131 evvel Ziraat T\u00fcrkiye Kupas\u0131&#8217;nda elemek, sonra ise Trabzonspor&#8217;u yenerek ligde puan fark\u0131n\u0131 3&#8217;e indirmek i\u00e7in yola \u00e7\u0131kt\u0131 ancak sar\u0131-lacivertliler, kupa ma\u00e7\u0131 sonras\u0131 b\u00fcy\u00fck \u0131st\u0131rap ya\u015fad\u0131.<\/p>\n<p> Sar\u0131-lacivertli topluluk, Kad\u0131k\u00f6y&#8217;de Galatasaray&#8217;a 2-1 elenmesinin akabinde adeta sessizli\u011fe b\u00fcr\u00fcnd\u00fc. Binlerce taraftar\u0131n\u0131n \u00f6n\u00fcnde galibiyeti bekleyen Fenerbah\u00e7e&#8217;de idare, Galatasaray derbisinin akabinde konu\u015fmama karar\u0131 ald\u0131.<\/p>\n<p> Toplumsal medyada taraftarlar, Jose Mourinho&#8217;nun futbolunu ve ma\u00e7\u0131n genelindeki performanslar\u0131 nedeniyle futbolcular\u0131 ele\u015ftirirken, Fenerbah\u00e7e idaresi de benzeri niyetler nedeniyle Galatasaray m\u00fcsabakas\u0131 sonras\u0131 a\u00e7\u0131klama yapmadan stattan ayr\u0131ld\u0131.<\/p>\n<p> \u00d6te yandan kendi alanlar\u0131nda Galatasaray&#8217;a kaybeden Fenerbah\u00e7e&#8217;de futbolcular da b\u00fcy\u00fck keder ya\u015fad\u0131\u011f\u0131 i\u00e7in ma\u00e7\u0131n akabinde konu\u015fmama karar\u0131 ald\u0131lar.<\/p>\n<\/div>\n","protected":false},"excerpt":{"rendered":"<p>Fenerbah\u00e7e, T\u00fcrkiye Kupas\u0131&#8217;nda Galatasaray&#8217;a elenmesinin akabinde konu\u015fmama karar\u0131 ald\u0131!<\/p>\n","protected":false},"author":1,"featured_media":37817,"comment_status":"open","ping_status":"open","sticky":false,"template":"","format":"standard","meta":{"footnotes":""},"categories":[25],"tags":[129],"class_list":["post-37816","post","type-post","status-publish","format-standard","has-post-thumbnail","hentry","category-futbol","tag-galatasaray"],"_links":{"self":[{"href":"https:\/\/haberbesiktas.tr\/index.php?rest_route=\/wp\/v2\/posts\/37816","targetHints":{"allow":["GET"]}}],"collection":[{"href":"https:\/\/haberbesiktas.tr\/index.php?rest_route=\/wp\/v2\/posts"}],"about":[{"href":"https:\/\/haberbesiktas.tr\/index.php?rest_route=\/wp\/v2\/types\/post"}],"author":[{"embeddable":true,"href":"https:\/\/haberbesiktas.tr\/index.php?rest_route=\/wp\/v2\/users\/1"}],"replies":[{"embeddable":true,"href":"https:\/\/haberbesiktas.tr\/index.php?rest_route=%2Fwp%2Fv2%2Fcomments&post=37816"}],"version-history":[{"count":1,"href":"https:\/\/haberbesiktas.tr\/index.php?rest_route=\/wp\/v2\/posts\/37816\/revisions"}],"predecessor-version":[{"id":37818,"href":"https:\/\/haberbesiktas.tr\/index.php?rest_route=\/wp\/v2\/posts\/37816\/revisions\/37818"}],"wp:featuredmedia":[{"embeddable":true,"href":"https:\/\/haberbesiktas.tr\/index.php?rest_route=\/wp\/v2\/media\/37817"}],"wp:attachment":[{"href":"https:\/\/haberbesiktas.tr\/index.php?rest_route=%2Fwp%2Fv2%2Fmedia&parent=37816"}],"wp:term":[{"taxonomy":"category","embeddable":true,"href":"https:\/\/haberbesiktas.tr\/index.php?rest_route=%2Fwp%2Fv2%2Fcategories&post=37816"},{"taxonomy":"post_tag","embeddable":true,"href":"https:\/\/haberbesiktas.tr\/index.php?rest_route=%2Fwp%2Fv2%2Ftags&post=37816"}],"curies":[{"name":"wp","href":"https:\/\/api.w.org\/{rel}","templated":true}]}}