{"id":37822,"date":"2025-06-15T11:00:12","date_gmt":"2025-06-15T11:00:12","guid":{"rendered":"https:\/\/haberbesiktas.tr\/?p=37822"},"modified":"2025-06-15T11:00:12","modified_gmt":"2025-06-15T11:00:12","slug":"ibrahim-hatipoglu-simdi-istedigin-kadar-konus-acun-ilicali","status":"publish","type":"post","link":"https:\/\/haberbesiktas.tr\/?p=37822","title":{"rendered":"\u0130brahim Hatipo\u011flu: &#8220;\u015eimdi istedi\u011fin kadar konu\u015f Acun Il\u0131cal\u0131&#8221;"},"content":{"rendered":"<div>Galatasaray Sportif A\u015e Ba\u015fkanvekili \u0130brahim Hatipo\u011flu, Fenerbah\u00e7e&#8217;yi 2-1 yendikleri Ziraat T\u00fcrkiye Kupas\u0131 ma\u00e7\u0131n\u0131n akabinde a\u00e7\u0131klamalarda bulundu.<\/p>\n<p> Hatipo\u011flu, &#8220;<strong>Buraya \u00e7ok ho\u015f bir atmosferde geldik. \u00c7ok eziyet \u00e7ekti seyircilerimiz. Buraya giri\u015f \u00e7\u0131k\u0131\u015f ger\u00e7ekten s\u0131k\u0131nt\u0131, onlara \u015f\u00fckranlar\u0131m\u0131z\u0131 sunuyoruz.<\/strong>&#8221; dedi.<\/p>\n<p> Sal\u0131 g\u00fcn\u00fc polemik ya\u015fad\u0131\u011f\u0131 Fenerbah\u00e7e Asba\u015fkan\u0131 Acun Il\u0131cal\u0131&#8217;ya da bildiri g\u00f6nderen Hatipo\u011flu, &#8220;<strong>Ben konu\u015fmak istemiyorum. Bug\u00fcn alanda oyuncular\u0131m\u0131z \u00e7ok ho\u015f konu\u015ftu. Kad\u0131k\u00f6y&#8217;e tekrar kepenk indirttiler. Acun Il\u0131cal\u0131 bundan sonra istedi\u011fi kadar televizyonlar\u0131 dola\u015f\u0131p konu\u015fabilir. Meydan onun olsun<\/strong>.&#8221; tabirlerini kulland\u0131.<\/p>\n<\/div>\n","protected":false},"excerpt":{"rendered":"<p>Galatasaray Sportif A\u015e Ba\u015fkanvekili \u0130brahim Hatipo\u011flu, sal\u0131 g\u00fcn\u00fc polemik ya\u015fad\u0131\u011f\u0131 Acun Il\u0131cal\u0131&#8217;ya ileti g\u00f6nderdi.<\/p>\n","protected":false},"author":1,"featured_media":37823,"comment_status":"open","ping_status":"open","sticky":false,"template":"","format":"standard","meta":{"footnotes":""},"categories":[25],"tags":[],"class_list":["post-37822","post","type-post","status-publish","format-standard","has-post-thumbnail","hentry","category-futbol"],"_links":{"self":[{"href":"https:\/\/haberbesiktas.tr\/index.php?rest_route=\/wp\/v2\/posts\/37822","targetHints":{"allow":["GET"]}}],"collection":[{"href":"https:\/\/haberbesiktas.tr\/index.php?rest_route=\/wp\/v2\/posts"}],"about":[{"href":"https:\/\/haberbesiktas.tr\/index.php?rest_route=\/wp\/v2\/types\/post"}],"author":[{"embeddable":true,"href":"https:\/\/haberbesiktas.tr\/index.php?rest_route=\/wp\/v2\/users\/1"}],"replies":[{"embeddable":true,"href":"https:\/\/haberbesiktas.tr\/index.php?rest_route=%2Fwp%2Fv2%2Fcomments&post=37822"}],"version-history":[{"count":1,"href":"https:\/\/haberbesiktas.tr\/index.php?rest_route=\/wp\/v2\/posts\/37822\/revisions"}],"predecessor-version":[{"id":37824,"href":"https:\/\/haberbesiktas.tr\/index.php?rest_route=\/wp\/v2\/posts\/37822\/revisions\/37824"}],"wp:featuredmedia":[{"embeddable":true,"href":"https:\/\/haberbesiktas.tr\/index.php?rest_route=\/wp\/v2\/media\/37823"}],"wp:attachment":[{"href":"https:\/\/haberbesiktas.tr\/index.php?rest_route=%2Fwp%2Fv2%2Fmedia&parent=37822"}],"wp:term":[{"taxonomy":"category","embeddable":true,"href":"https:\/\/haberbesiktas.tr\/index.php?rest_route=%2Fwp%2Fv2%2Fcategories&post=37822"},{"taxonomy":"post_tag","embeddable":true,"href":"https:\/\/haberbesiktas.tr\/index.php?rest_route=%2Fwp%2Fv2%2Ftags&post=37822"}],"curies":[{"name":"wp","href":"https:\/\/api.w.org\/{rel}","templated":true}]}}