{"id":37825,"date":"2025-06-15T11:12:14","date_gmt":"2025-06-15T11:12:14","guid":{"rendered":"https:\/\/haberbesiktas.tr\/?p=37825"},"modified":"2025-06-15T11:12:14","modified_gmt":"2025-06-15T11:12:14","slug":"fenerbahceli-taraftarlardan-tepki-yonetim-istifa","status":"publish","type":"post","link":"https:\/\/haberbesiktas.tr\/?p=37825","title":{"rendered":"Fenerbah\u00e7eli taraftarlardan tepki: &#8220;Y\u00f6netim istifa!&#8221;"},"content":{"rendered":"<div>Ziraat T\u00fcrkiye Kupas\u0131 \u00c7eyrek Final ma\u00e7\u0131nda Fenerbah\u00e7e, Galatasaray&#8217;a 2-1 ma\u011flup oldu.\u00a0<\/p>\n<p>Fenerbah\u00e7eli taraftarlar, Galatasaray derbisinin akabinde tesislerde kadroya ve idareye reaksiyonda bulundu.<\/p>\n<p>Taraftarlar\u0131n yans\u0131s\u0131 \u015fu bi\u00e7imde:<\/p>\n<p> <\/p>\n<p>https:\/\/twitter.com\/sporxtv\/status\/1907560410309353947<\/p>\n<\/p><\/div>\n","protected":false},"excerpt":{"rendered":"<p>Fenerbah\u00e7eli taraftarlar, Galatasaray derbisi sonras\u0131 tesislerde ekibe ve idareye reaksiyon g\u00f6sterdi.<\/p>\n","protected":false},"author":1,"featured_media":37827,"comment_status":"open","ping_status":"open","sticky":false,"template":"","format":"standard","meta":{"footnotes":""},"categories":[25],"tags":[],"class_list":["post-37825","post","type-post","status-publish","format-standard","has-post-thumbnail","hentry","category-futbol"],"_links":{"self":[{"href":"https:\/\/haberbesiktas.tr\/index.php?rest_route=\/wp\/v2\/posts\/37825","targetHints":{"allow":["GET"]}}],"collection":[{"href":"https:\/\/haberbesiktas.tr\/index.php?rest_route=\/wp\/v2\/posts"}],"about":[{"href":"https:\/\/haberbesiktas.tr\/index.php?rest_route=\/wp\/v2\/types\/post"}],"author":[{"embeddable":true,"href":"https:\/\/haberbesiktas.tr\/index.php?rest_route=\/wp\/v2\/users\/1"}],"replies":[{"embeddable":true,"href":"https:\/\/haberbesiktas.tr\/index.php?rest_route=%2Fwp%2Fv2%2Fcomments&post=37825"}],"version-history":[{"count":1,"href":"https:\/\/haberbesiktas.tr\/index.php?rest_route=\/wp\/v2\/posts\/37825\/revisions"}],"predecessor-version":[{"id":37828,"href":"https:\/\/haberbesiktas.tr\/index.php?rest_route=\/wp\/v2\/posts\/37825\/revisions\/37828"}],"wp:featuredmedia":[{"embeddable":true,"href":"https:\/\/haberbesiktas.tr\/index.php?rest_route=\/wp\/v2\/media\/37827"}],"wp:attachment":[{"href":"https:\/\/haberbesiktas.tr\/index.php?rest_route=%2Fwp%2Fv2%2Fmedia&parent=37825"}],"wp:term":[{"taxonomy":"category","embeddable":true,"href":"https:\/\/haberbesiktas.tr\/index.php?rest_route=%2Fwp%2Fv2%2Fcategories&post=37825"},{"taxonomy":"post_tag","embeddable":true,"href":"https:\/\/haberbesiktas.tr\/index.php?rest_route=%2Fwp%2Fv2%2Ftags&post=37825"}],"curies":[{"name":"wp","href":"https:\/\/api.w.org\/{rel}","templated":true}]}}