{"id":37829,"date":"2025-06-15T11:24:11","date_gmt":"2025-06-15T11:24:11","guid":{"rendered":"https:\/\/haberbesiktas.tr\/?p=37829"},"modified":"2025-06-15T11:24:11","modified_gmt":"2025-06-15T11:24:11","slug":"jose-mourinho-kac-mac-ceza-alir","status":"publish","type":"post","link":"https:\/\/haberbesiktas.tr\/?p=37829","title":{"rendered":"Jose Mourinho ka\u00e7 ma\u00e7 ceza al\u0131r?"},"content":{"rendered":"<div>Jose Mourinho, Okan Buruk&#8217;un burnunu s\u0131kt\u0131. Portekizli \u00e7al\u0131\u015ft\u0131r\u0131c\u0131 fizik\u00ee m\u00fcdahalenin akabinde ma\u00e7 sonu k\u0131rm\u0131z\u0131 kart g\u00f6rd\u00fc. PFDK&#8217;ya sevk edilmesi beklenen Portekizli teknik adam\u0131n ka\u00e7 ma\u00e7 ceza alaca\u011f\u0131 merak konusu.<\/p>\n<p> Fenerbah\u00e7e, Ziraat T\u00fcrkiye Kupas\u0131 \u00e7eyrek final m\u00fcsabakas\u0131nda Galatasaray&#8217;a 2-1 ma\u011flup oldu. Ma\u00e7 sonras\u0131 Galatasaray Teknik Y\u00f6neticisi Okan Buruk ile Fenerbah\u00e7e Teknik Y\u00f6neticisi Jose Mourinho ile gerginlik ya\u015fad\u0131.<\/p>\n<p> Portekizli \u00e7al\u0131\u015ft\u0131r\u0131c\u0131, meslekta\u015f\u0131n\u0131n yan\u0131na gitti ve burnunu s\u0131kt\u0131. Mourinho&#8217;nun fizik\u00ee m\u00fcdahalesinin akabinde Okan Buruk yerde kald\u0131. Ya\u015fananlar\u0131n akabinde Fenerbah\u00e7e Teknik Y\u00f6neticisi Jose Mourinho k\u0131rm\u0131z\u0131 kart g\u00f6rd\u00fc.<\/p>\n<p> <strong>MOURINHO KA\u00c7 MA\u00c7 CEZA ALAB\u0130L\u0130R?<\/strong><\/p>\n<p> Okan Buruk&#8217;un burnunu s\u0131kan Fenerbah\u00e7e Teknik Y\u00f6neticisi Jose Mourinho, ma\u00e7 sonu k\u0131rm\u0131z\u0131 kart g\u00f6rd\u00fc. Portekizli \u00e7al\u0131\u015ft\u0131r\u0131c\u0131, Profesyonel Futbol Disiplin Konseyi&#8217;ne sevk edilecek. Mourinho&#8217;nun ceza almas\u0131 bekleniyor.<\/p>\n<p> Jose Mourinho, &#8216;<strong>Sportmenli\u011fe ters hareket&#8217;<\/strong> nedeniyle sevk edilirse Futbol Disiplin Talimatnamesi&#8217;ne g\u00f6re<strong> 1-3 ma\u00e7 ortas\u0131 ceza alacak.<\/strong><\/p>\n<p> Portekizli teknik adam, FDT 44. maddededeki &#8216;<strong>sald\u0131r\u0131<\/strong>&#8216; nedeniyle sevk edilirse<strong> 5-10 ma\u00e7tan men yahut 45-90 g\u00fcn hak mahrumiyeti cezas\u0131 alacak.<\/strong><\/p>\n<\/div>\n","protected":false},"excerpt":{"rendered":"<p>Fenerbah\u00e7e Teknik Y\u00f6neticisi Jose Mourinho&#8217;nun Okan Buruk&#8217;a fizik\u00ee m\u00fcdahalesi nedeniyle ka\u00e7 ma\u00e7 ceza alaca\u011f\u0131 merak konusu oldu.<\/p>\n","protected":false},"author":1,"featured_media":37830,"comment_status":"open","ping_status":"open","sticky":false,"template":"","format":"standard","meta":{"footnotes":""},"categories":[25],"tags":[505,2172,50,2950,351],"class_list":["post-37829","post","type-post","status-publish","format-standard","has-post-thumbnail","hentry","category-futbol","tag-ceza","tag-jose-mourinho","tag-mac","tag-portekizli","tag-teknik"],"_links":{"self":[{"href":"https:\/\/haberbesiktas.tr\/index.php?rest_route=\/wp\/v2\/posts\/37829","targetHints":{"allow":["GET"]}}],"collection":[{"href":"https:\/\/haberbesiktas.tr\/index.php?rest_route=\/wp\/v2\/posts"}],"about":[{"href":"https:\/\/haberbesiktas.tr\/index.php?rest_route=\/wp\/v2\/types\/post"}],"author":[{"embeddable":true,"href":"https:\/\/haberbesiktas.tr\/index.php?rest_route=\/wp\/v2\/users\/1"}],"replies":[{"embeddable":true,"href":"https:\/\/haberbesiktas.tr\/index.php?rest_route=%2Fwp%2Fv2%2Fcomments&post=37829"}],"version-history":[{"count":1,"href":"https:\/\/haberbesiktas.tr\/index.php?rest_route=\/wp\/v2\/posts\/37829\/revisions"}],"predecessor-version":[{"id":37831,"href":"https:\/\/haberbesiktas.tr\/index.php?rest_route=\/wp\/v2\/posts\/37829\/revisions\/37831"}],"wp:featuredmedia":[{"embeddable":true,"href":"https:\/\/haberbesiktas.tr\/index.php?rest_route=\/wp\/v2\/media\/37830"}],"wp:attachment":[{"href":"https:\/\/haberbesiktas.tr\/index.php?rest_route=%2Fwp%2Fv2%2Fmedia&parent=37829"}],"wp:term":[{"taxonomy":"category","embeddable":true,"href":"https:\/\/haberbesiktas.tr\/index.php?rest_route=%2Fwp%2Fv2%2Fcategories&post=37829"},{"taxonomy":"post_tag","embeddable":true,"href":"https:\/\/haberbesiktas.tr\/index.php?rest_route=%2Fwp%2Fv2%2Ftags&post=37829"}],"curies":[{"name":"wp","href":"https:\/\/api.w.org\/{rel}","templated":true}]}}