{"id":37832,"date":"2025-06-15T11:36:15","date_gmt":"2025-06-15T11:36:15","guid":{"rendered":"https:\/\/haberbesiktas.tr\/?p=37832"},"modified":"2025-06-15T11:36:15","modified_gmt":"2025-06-15T11:36:15","slug":"besiktas-goztepe-muhtemel-11ler","status":"publish","type":"post","link":"https:\/\/haberbesiktas.tr\/?p=37832","title":{"rendered":"Be\u015fikta\u015f &#8211; G\u00f6ztepe: Muhtemel 11&#8217;ler"},"content":{"rendered":"<div>Ziraat T\u00fcrkiye Kupas\u0131 \u00e7eyrek final ma\u00e7\u0131nda Be\u015fikta\u015f, alan\u0131nda G\u00f6ztepe ile kar\u015f\u0131 kar\u015f\u0131ya gelecek.<\/p>\n<p> T\u00fcpra\u015f Stadyumu&#8217;nda oynanacak ma\u00e7 saat 20.30&#8217;da ba\u015flayacak ve ATV&#8217;den naklen yay\u0131nlanacak. M\u00fcsabakada hakem Atilla Karao\u011flan vazife yapacak. Karao\u011flan&#8217;\u0131n yard\u0131mc\u0131l\u0131klar\u0131n\u0131 Ceyhun Sesig\u00fczel ile \u0130brahim \u00c7a\u011flar Uyarcan \u00fcstlenecek.<\/p>\n<p> Siyah-beyazl\u0131 futbol kadrosu, Ziraat T\u00fcrkiye Kupas\u0131&#8217;nda D Grubu&#8217;nu 3 galibiyetle 9 puan toplayarak ba\u015fkan tamamlad\u0131.<\/p>\n<p> Son olarak S\u00fcper Lig&#8217;de oynanan derbide Galatasaray&#8217;\u0131 2-1 yenerek moral kazanan &#8220;Kara kartal&#8221;, G\u00f6ztepe&#8217;yi de ma\u011flup ederek yar\u0131 finale y\u00fckselmeyi hedefliyor.<\/p>\n<p> Tek ma\u00e7 eleme adab\u0131na nazaran oynanacak \u00e7eyrek finalde tipi ge\u00e7en tak\u0131m, Trabzonspor-Sipay Bodrum FK e\u015fle\u015fmesinin galibi ile yar\u0131 finalde kar\u015f\u0131la\u015facak.<\/p>\n<p> <strong>MUHTEMEL 11&#8217;LER<\/strong><\/p>\n<p> <strong>Be\u015fikta\u015f:<\/strong> Mert G\u00fcnok, Svensson, Paulista, Emirhan, Masuaku, Chamberlain, Gedson Fernandes, Rashica, Rafa Silva, Joao Mario, Immobile.<\/p>\n<p> <strong>G\u00f6ztepe<\/strong>: Lis, Bokele, Heliton, Koray G\u00fcnter, Nielsen, Dennis, Miroshi, \u0130smail, Tijanic, Rmulo, Juan.<\/p>\n<p><img decoding=\"async\" src=\"https:\/\/haberbesiktas.tr\/wp-content\/uploads\/2025\/06\/besiktas-goztepe-muhtemel-11ler-0-AJGOMycJ.jpg\"\/><\/p>\n<p> <strong>KUPADA 11. MA\u00c7<\/strong><\/p>\n<p> Be\u015fikta\u015f ile G\u00f6ztepe, T\u00fcrkiye Kupas\u0131&#8217;nda 11. kere kar\u015f\u0131 kar\u015f\u0131ya gelecek.<\/p>\n<p> Taraftar ortas\u0131nda daha evvel oynanan 10 ma\u00e7\u0131n 4&#8217;\u00fcn\u00fc Be\u015fikta\u015f kazan\u0131rken, \u0130zmir grubu ise bir sefer alandan galip ayr\u0131ld\u0131.<\/p>\n<p> Rekabetteki 5 kar\u015f\u0131la\u015fmada ise taraftar ola\u011fan m\u00fcddet ve uzatma dakikalar\u0131nda beraberli\u011fi bozamad\u0131.<\/p>\n<p> Bu ma\u00e7larda Be\u015fikta\u015f&#8217;\u0131n 13 gol\u00fcne, G\u00f6ztepe 9 golle kar\u015f\u0131l\u0131k verdi.<\/p>\n<p> <strong>EKS\u0130KLER<\/strong><\/p>\n<p> Be\u015fikta\u015f&#8217;ta \u00fc\u00e7 oyuncu, kupada formas\u0131ndan uzak kalacak.<\/p>\n<p> Siyah-beyazl\u0131 ekipte sakatl\u0131klar nedeniyle uzun m\u00fchlet alanlardan uzak kalmas\u0131 beklenen Felix Uduokhai ve Elan Ricardo, bu ma\u00e7ta forma giyemeyecek.<\/p>\n<p> Bakhtiyor Zaynutdinov&#8217;un da ma\u00e7ta vazife yapmas\u0131 beklenmiyor.<\/p>\n<p> G\u00f6ztepe&#8217;de ise sakatl\u0131klar\u0131 nedeniyle d\u00f6nemi kapatan Djalma Silva ve Isaac Solet&#8217;in yan\u0131 s\u0131ra Ahmed Ild\u0131z&#8217;\u0131n da forma giymesi beklenmiyor.<\/p>\n<\/div>\n","protected":false},"excerpt":{"rendered":"<p>Ziraat T\u00fcrkiye Kupas\u0131 \u00e7eyrek finalinde Be\u015fikta\u015f, alan\u0131nda G\u00f6ztepe ile kar\u015f\u0131la\u015facak.<\/p>\n","protected":false},"author":1,"featured_media":37833,"comment_status":"open","ping_status":"open","sticky":false,"template":"","format":"standard","meta":{"footnotes":""},"categories":[25],"tags":[71,64,50],"class_list":["post-37832","post","type-post","status-publish","format-standard","has-post-thumbnail","hentry","category-futbol","tag-besiktas","tag-goztepe","tag-mac"],"_links":{"self":[{"href":"https:\/\/haberbesiktas.tr\/index.php?rest_route=\/wp\/v2\/posts\/37832","targetHints":{"allow":["GET"]}}],"collection":[{"href":"https:\/\/haberbesiktas.tr\/index.php?rest_route=\/wp\/v2\/posts"}],"about":[{"href":"https:\/\/haberbesiktas.tr\/index.php?rest_route=\/wp\/v2\/types\/post"}],"author":[{"embeddable":true,"href":"https:\/\/haberbesiktas.tr\/index.php?rest_route=\/wp\/v2\/users\/1"}],"replies":[{"embeddable":true,"href":"https:\/\/haberbesiktas.tr\/index.php?rest_route=%2Fwp%2Fv2%2Fcomments&post=37832"}],"version-history":[{"count":1,"href":"https:\/\/haberbesiktas.tr\/index.php?rest_route=\/wp\/v2\/posts\/37832\/revisions"}],"predecessor-version":[{"id":37835,"href":"https:\/\/haberbesiktas.tr\/index.php?rest_route=\/wp\/v2\/posts\/37832\/revisions\/37835"}],"wp:featuredmedia":[{"embeddable":true,"href":"https:\/\/haberbesiktas.tr\/index.php?rest_route=\/wp\/v2\/media\/37833"}],"wp:attachment":[{"href":"https:\/\/haberbesiktas.tr\/index.php?rest_route=%2Fwp%2Fv2%2Fmedia&parent=37832"}],"wp:term":[{"taxonomy":"category","embeddable":true,"href":"https:\/\/haberbesiktas.tr\/index.php?rest_route=%2Fwp%2Fv2%2Fcategories&post=37832"},{"taxonomy":"post_tag","embeddable":true,"href":"https:\/\/haberbesiktas.tr\/index.php?rest_route=%2Fwp%2Fv2%2Ftags&post=37832"}],"curies":[{"name":"wp","href":"https:\/\/api.w.org\/{rel}","templated":true}]}}