{"id":37839,"date":"2025-06-15T12:00:07","date_gmt":"2025-06-15T12:00:07","guid":{"rendered":"https:\/\/haberbesiktas.tr\/?p=37839"},"modified":"2025-06-15T12:00:07","modified_gmt":"2025-06-15T12:00:07","slug":"solskjaerden-tam-not-aldi-armand-lauriente","status":"publish","type":"post","link":"https:\/\/haberbesiktas.tr\/?p=37839","title":{"rendered":"Solskjaer&#8217;den tam not ald\u0131: Armand Lauriente"},"content":{"rendered":"<div>\n<p>Be\u015fikta\u015f&#8217;ta yeni d\u00f6nem \u00e7al\u0131\u015fmalar\u0131 t\u00fcm s\u00fcratiyle devam ediyor.<\/p>\n<p> Tak\u0131m\u0131na kanat transferi yapmak isteyen Be\u015fikta\u015f&#8217;\u0131n g\u00fcndeminde Sassuolo&#8217;nun Frans\u0131z y\u0131ld\u0131z\u0131 Armand Lauriente&#8217;yi transfer etmek istiyor.<\/p>\n<p> \u0130talyan Corriere dello Sport&#8217;ta yer alan habere nazaran siyah beyazl\u0131lar 26 ya\u015f\u0131ndaki sol kanat oyuncusu i\u00e7in Sassuolo&#8217;lu y\u00f6neticilerle g\u00f6r\u00fc\u015fmelere ba\u015flayacak.<\/p>\n<p> Piyasa bedeli 10 milyon euro olarak g\u00f6sterilen Frans\u0131z oyuncuya \u0130talya&#8217;n\u0131n yan\u0131 s\u0131ra Fransa&#8217;dan da teklifler bulunuyor.\u00a0<\/p>\n<p> <strong>SOLSKJAER&#8217;DEN TAM NOT<\/strong><\/p>\n<p> Be\u015fikta\u015f Teknik Y\u00f6neticisi Ole Gunnar Solskjaer&#8217;in Lauriente i\u00e7in tam not verdi\u011fi belirtildi. Norve\u00e7li teknik y\u00f6neticinin, deneyimli kanat oyuncusunu gelecek d\u00f6nem kadroda g\u00f6rmek istedi\u011fi kaydedildi.\u00a0<\/p>\n<p> Sassuolo ile olan mukavelesi 2027&#8217;de sona erecek Lauriente i\u00e7in siyah- beyazl\u0131 y\u00f6neticiler kul\u00fcb\u00fcne sat\u0131n alma opsiyonlu kiralama teklifinde bulunaca\u011f\u0131 ileri s\u00fcr\u00fcld\u00fc.\u00a0<\/p>\n<p> <strong>PERFORMANSI<\/strong><\/p>\n<p> Bu d\u00f6nem 27 ma\u00e7a \u00e7\u0131kan 26 ya\u015f\u0131ndaki Frans\u0131z oyuncu, kadrosuna 14 gol, 6 asistlik skor katk\u0131s\u0131 sa\u011flad\u0131.<\/p>\n<\/div>\n","protected":false},"excerpt":{"rendered":"<p>Be\u015fikta\u015f, Sassuolo&#8217;nun Frans\u0131z y\u0131ld\u0131z\u0131 Armand Lauriente&#8217;yi tak\u0131m\u0131na katmak istiyor.<\/p>\n","protected":false},"author":1,"featured_media":37840,"comment_status":"open","ping_status":"open","sticky":false,"template":"","format":"standard","meta":{"footnotes":""},"categories":[25],"tags":[],"class_list":["post-37839","post","type-post","status-publish","format-standard","has-post-thumbnail","hentry","category-futbol"],"_links":{"self":[{"href":"https:\/\/haberbesiktas.tr\/index.php?rest_route=\/wp\/v2\/posts\/37839","targetHints":{"allow":["GET"]}}],"collection":[{"href":"https:\/\/haberbesiktas.tr\/index.php?rest_route=\/wp\/v2\/posts"}],"about":[{"href":"https:\/\/haberbesiktas.tr\/index.php?rest_route=\/wp\/v2\/types\/post"}],"author":[{"embeddable":true,"href":"https:\/\/haberbesiktas.tr\/index.php?rest_route=\/wp\/v2\/users\/1"}],"replies":[{"embeddable":true,"href":"https:\/\/haberbesiktas.tr\/index.php?rest_route=%2Fwp%2Fv2%2Fcomments&post=37839"}],"version-history":[{"count":1,"href":"https:\/\/haberbesiktas.tr\/index.php?rest_route=\/wp\/v2\/posts\/37839\/revisions"}],"predecessor-version":[{"id":37841,"href":"https:\/\/haberbesiktas.tr\/index.php?rest_route=\/wp\/v2\/posts\/37839\/revisions\/37841"}],"wp:featuredmedia":[{"embeddable":true,"href":"https:\/\/haberbesiktas.tr\/index.php?rest_route=\/wp\/v2\/media\/37840"}],"wp:attachment":[{"href":"https:\/\/haberbesiktas.tr\/index.php?rest_route=%2Fwp%2Fv2%2Fmedia&parent=37839"}],"wp:term":[{"taxonomy":"category","embeddable":true,"href":"https:\/\/haberbesiktas.tr\/index.php?rest_route=%2Fwp%2Fv2%2Fcategories&post=37839"},{"taxonomy":"post_tag","embeddable":true,"href":"https:\/\/haberbesiktas.tr\/index.php?rest_route=%2Fwp%2Fv2%2Ftags&post=37839"}],"curies":[{"name":"wp","href":"https:\/\/api.w.org\/{rel}","templated":true}]}}