{"id":37857,"date":"2025-06-15T13:12:08","date_gmt":"2025-06-15T13:12:08","guid":{"rendered":"https:\/\/haberbesiktas.tr\/?p=37857"},"modified":"2025-06-15T13:12:08","modified_gmt":"2025-06-15T13:12:08","slug":"besiktas-yeni-sistemi-sevdi","status":"publish","type":"post","link":"https:\/\/haberbesiktas.tr\/?p=37857","title":{"rendered":"Be\u015fikta\u015f, yeni sistemi sevdi!"},"content":{"rendered":"<div>\n<p>Be\u015fikta\u015f, derbide zaferi getiren 4-6-0 takti\u011fini G\u00f6ztepe ma\u00e7\u0131nda da uygulayacak.<\/p>\n<p> Teknik y\u00f6netici Ole Gunnar Solskjaer, \u0130mmobile&#8217;nin formsuzlu\u011fu sebebiyle denedi\u011fi taktikten birinci ma\u00e7ta \u00e2l\u00e2 rand\u0131man ald\u0131\u011f\u0131n\u0131 d\u00fc\u015f\u00fcn\u00fcyor.\u00a0<\/p>\n<p> G\u00f6ztepe kar\u015f\u0131s\u0131nda t\u0131pk\u0131 dizili\u015f ve planla alana \u00e7\u0131kmas\u0131 beklenen siyah beyazl\u0131lar, kadroyu b\u00fcy\u00fck \u00f6l\u00e7\u00fcde koruyacak. Solskjaer&#8217;in yaln\u0131zca 2 mevkide de\u011fi\u015fikli\u011fe gidebilece\u011fi kaydedildi.\u00a0<\/p>\n<p> Sakatl\u0131\u011f\u0131n akabinde alanlara d\u00f6nen Paulista&#8217;n\u0131n performans\u0131 mutlu etse de yeni bir sorun olmamas\u0131 ismine teknik heyet, Emirhan&#8217;\u0131n yan\u0131nda Tayyip Talha&#8217;y\u0131 g\u00f6revlendirecek.<\/p>\n<p> <strong>KALEC\u0130 DE\u011e\u0130\u015eECEK<\/strong><\/p>\n<p>Di\u011fer de\u011fi\u015fiklik ise kalede ya\u015fanacak. Ulusal ortada sakatl\u0131\u011f\u0131 nedeniyle A Ulusal Ekip&#8217;te oynayamayan Mert G\u00fcnok, derbide eldivenleri giydi lakin bug\u00fcn alanda Ersin Destano\u011flu olacak.\u00a0<\/p>\n<div>\u00a0<\/div>\n<\/div>\n","protected":false},"excerpt":{"rendered":"<p>Galatasaray derbisinde Be\u015fikta\u015f&#8217;a zafer getiren taktikten \u015fad kalan teknik y\u00f6netici Ole Gunnar Solskjaer, G\u00f6ztepe kar\u015f\u0131s\u0131nda da 4-6-0 dizili\u015fiyle alana \u00e7\u0131kacak.<\/p>\n","protected":false},"author":1,"featured_media":37858,"comment_status":"open","ping_status":"open","sticky":false,"template":"","format":"standard","meta":{"footnotes":""},"categories":[25],"tags":[],"class_list":["post-37857","post","type-post","status-publish","format-standard","has-post-thumbnail","hentry","category-futbol"],"_links":{"self":[{"href":"https:\/\/haberbesiktas.tr\/index.php?rest_route=\/wp\/v2\/posts\/37857","targetHints":{"allow":["GET"]}}],"collection":[{"href":"https:\/\/haberbesiktas.tr\/index.php?rest_route=\/wp\/v2\/posts"}],"about":[{"href":"https:\/\/haberbesiktas.tr\/index.php?rest_route=\/wp\/v2\/types\/post"}],"author":[{"embeddable":true,"href":"https:\/\/haberbesiktas.tr\/index.php?rest_route=\/wp\/v2\/users\/1"}],"replies":[{"embeddable":true,"href":"https:\/\/haberbesiktas.tr\/index.php?rest_route=%2Fwp%2Fv2%2Fcomments&post=37857"}],"version-history":[{"count":1,"href":"https:\/\/haberbesiktas.tr\/index.php?rest_route=\/wp\/v2\/posts\/37857\/revisions"}],"predecessor-version":[{"id":37859,"href":"https:\/\/haberbesiktas.tr\/index.php?rest_route=\/wp\/v2\/posts\/37857\/revisions\/37859"}],"wp:featuredmedia":[{"embeddable":true,"href":"https:\/\/haberbesiktas.tr\/index.php?rest_route=\/wp\/v2\/media\/37858"}],"wp:attachment":[{"href":"https:\/\/haberbesiktas.tr\/index.php?rest_route=%2Fwp%2Fv2%2Fmedia&parent=37857"}],"wp:term":[{"taxonomy":"category","embeddable":true,"href":"https:\/\/haberbesiktas.tr\/index.php?rest_route=%2Fwp%2Fv2%2Fcategories&post=37857"},{"taxonomy":"post_tag","embeddable":true,"href":"https:\/\/haberbesiktas.tr\/index.php?rest_route=%2Fwp%2Fv2%2Ftags&post=37857"}],"curies":[{"name":"wp","href":"https:\/\/api.w.org\/{rel}","templated":true}]}}