{"id":3793,"date":"2025-01-15T12:18:43","date_gmt":"2025-01-15T12:18:43","guid":{"rendered":"https:\/\/haberbesiktas.tr\/?p=3793"},"modified":"2025-01-15T12:18:43","modified_gmt":"2025-01-15T12:18:43","slug":"adana-demirspor-super-ligde-gaziantep-fkye-konuk","status":"publish","type":"post","link":"https:\/\/haberbesiktas.tr\/?p=3793","title":{"rendered":"Adana Demirspor, S\u00fcper Lig&#8217;de Gaziantep FK&#8217;ye konuk"},"content":{"rendered":"<div>\n<div> Adana Demirspor, Trendyol Muhte\u015fem Lig&#8217;in 19. haftas\u0131nda 12 Ocak Pazar g\u00fcn\u00fc deplasmanda Gaziantep FK ile kar\u015f\u0131la\u015facak.<\/p>\n<p> Gaziantep Stad\u0131&#8217;nda saat 19.00&#8217;da ba\u015flayacak kar\u015f\u0131la\u015fmay\u0131, hakem Ozan Erg\u00fcn y\u00f6netecek.<\/p>\n<p> Ligde 2&#8217;\u015fer galibiyet ve beraberlik elde eden, lakin 3 puan silme cezas\u0131 nedeniyle 5 puanla son s\u0131rada yer alan Adana Demirspor, 22 puanla 8. s\u0131rada bulunan rakibi kar\u015f\u0131s\u0131nda galibiyet arayacak.<\/p>\n<p> Mavi-lacivertliler, ge\u00e7en d\u00f6nem deplasmanda 2-2 berabere kald\u0131\u011f\u0131 Gaziantep FK&#8217;ye alan\u0131nda 6-1 ma\u011flup olmu\u015ftu.<\/p>\n<div>\u00a0<\/div>\n<\/p><\/div>\n<div>\u00a0<\/div>\n<\/div>\n","protected":false},"excerpt":{"rendered":"<p>Adana Demirspor, S\u00fcper Lig&#8217;de 12 Ocak Pazar g\u00fcn\u00fc Gaziantep FK&#8217;ye konuk olacak.<\/p>\n","protected":false},"author":1,"featured_media":3794,"comment_status":"open","ping_status":"open","sticky":false,"template":"","format":"standard","meta":{"footnotes":""},"categories":[25],"tags":[],"class_list":["post-3793","post","type-post","status-publish","format-standard","has-post-thumbnail","hentry","category-futbol"],"_links":{"self":[{"href":"https:\/\/haberbesiktas.tr\/index.php?rest_route=\/wp\/v2\/posts\/3793","targetHints":{"allow":["GET"]}}],"collection":[{"href":"https:\/\/haberbesiktas.tr\/index.php?rest_route=\/wp\/v2\/posts"}],"about":[{"href":"https:\/\/haberbesiktas.tr\/index.php?rest_route=\/wp\/v2\/types\/post"}],"author":[{"embeddable":true,"href":"https:\/\/haberbesiktas.tr\/index.php?rest_route=\/wp\/v2\/users\/1"}],"replies":[{"embeddable":true,"href":"https:\/\/haberbesiktas.tr\/index.php?rest_route=%2Fwp%2Fv2%2Fcomments&post=3793"}],"version-history":[{"count":1,"href":"https:\/\/haberbesiktas.tr\/index.php?rest_route=\/wp\/v2\/posts\/3793\/revisions"}],"predecessor-version":[{"id":3795,"href":"https:\/\/haberbesiktas.tr\/index.php?rest_route=\/wp\/v2\/posts\/3793\/revisions\/3795"}],"wp:featuredmedia":[{"embeddable":true,"href":"https:\/\/haberbesiktas.tr\/index.php?rest_route=\/wp\/v2\/media\/3794"}],"wp:attachment":[{"href":"https:\/\/haberbesiktas.tr\/index.php?rest_route=%2Fwp%2Fv2%2Fmedia&parent=3793"}],"wp:term":[{"taxonomy":"category","embeddable":true,"href":"https:\/\/haberbesiktas.tr\/index.php?rest_route=%2Fwp%2Fv2%2Fcategories&post=3793"},{"taxonomy":"post_tag","embeddable":true,"href":"https:\/\/haberbesiktas.tr\/index.php?rest_route=%2Fwp%2Fv2%2Ftags&post=3793"}],"curies":[{"name":"wp","href":"https:\/\/api.w.org\/{rel}","templated":true}]}}