{"id":3796,"date":"2025-01-15T12:54:46","date_gmt":"2025-01-15T12:54:46","guid":{"rendered":"https:\/\/haberbesiktas.tr\/?p=3796"},"modified":"2025-01-15T12:54:46","modified_gmt":"2025-01-15T12:54:46","slug":"rams-basaksehir-galatasarayi-agirlayacak","status":"publish","type":"post","link":"https:\/\/haberbesiktas.tr\/?p=3796","title":{"rendered":"RAMS Ba\u015fak\u015fehir, Galatasaray&#8217;\u0131 a\u011f\u0131rlayacak"},"content":{"rendered":"<div>\n<div> RAMS Ba\u015fak\u015fehir, Trendyol Harika Lig&#8217;in 19. haftas\u0131nda 12 Ocak Pazar g\u00fcn\u00fc \u00f6nder Galatasaray&#8217;\u0131 konuk edecek.<\/p>\n<p> Ba\u015fak\u015fehir Fatih Terim Stad\u0131&#8217;nda oynanacak m\u00fcsabaka, saat 19.00&#8217;da ba\u015flayacak. \u00c7abay\u0131 hakem Atilla Karao\u011flan y\u00f6netecek.<\/p>\n<p> S\u00fcper Lig&#8217;de oynad\u0131\u011f\u0131 17 ma\u00e7ta 7 galibiyet, 5 beraberlik, 5 hezimet ya\u015fayan Ba\u015fak\u015fehir, haftaya 26 puanla 7. s\u0131rada girdi.<\/p>\n<p> Ligde \u00e7\u0131kt\u0131\u011f\u0131 kar\u015f\u0131la\u015fmalar\u0131n 15&#8217;ini kazanan ve 2&#8217;sinde berabere kalan nama\u011flup Galatasaray ise 47 puanla dorukta yer ald\u0131.\u00a0<\/p>\n<p> <strong>&#8211; Ba\u015fak\u015fehir&#8217;de 5 eksik<\/strong><\/p>\n<p> Turuncu-lacivertli tak\u0131mda 5 futbolcu, \u00e7e\u015fitli nedenlerle Galatasaray ma\u00e7\u0131nda forma giyemeyecek.<\/p>\n<p> Ousseynou Ba, Miguel Crespo ve Berat \u00d6zdemir kart cezas\u0131, Leo Duarte ile Serdar G\u00fcrler ise sakatl\u0131klar\u0131 nedeniyle gruptaki yerlerini alamayacak.<\/p>\n<p> <strong>&#8211; Alan\u0131nda 6 ma\u00e7t\u0131r Galatasaray&#8217;\u0131 yenemiyor<\/strong><\/p>\n<p> RAMS Ba\u015fak\u015fehir, alan\u0131nda Galatasaray ile oynad\u0131\u011f\u0131 son 6 ma\u00e7ta galibiyet elde edemedi.<\/p>\n<p> Turuncu-lacivertliler, sar\u0131-k\u0131rm\u0131z\u0131l\u0131 ekibi a\u011f\u0131rlad\u0131\u011f\u0131 kelam konusu 6 m\u00fcsabakada 3&#8217;er beraberlik ve hezimet ya\u015fad\u0131.<\/p>\n<p> Ba\u015fak\u015fehir, i\u00e7 alanda Galatasaray&#8217;a kar\u015f\u0131 son galibiyetini 18 Kas\u0131m 2017&#8217;de 5-1&#8217;lik skorla alm\u0131\u015ft\u0131.<\/p>\n<div>\u00a0<\/div>\n<\/p><\/div>\n<div>\u00a0<\/div>\n<\/div>\n","protected":false},"excerpt":{"rendered":"<p>RAMS Ba\u015fak\u015fehir, S\u00fcper Lig&#8217;de 12 Ocak Pazar g\u00fcn\u00fc Galatasaray&#8217;\u0131 a\u011f\u0131rlayacak.<\/p>\n","protected":false},"author":1,"featured_media":3797,"comment_status":"open","ping_status":"open","sticky":false,"template":"","format":"standard","meta":{"footnotes":""},"categories":[25],"tags":[301,129],"class_list":["post-3796","post","type-post","status-publish","format-standard","has-post-thumbnail","hentry","category-futbol","tag-basaksehir","tag-galatasaray"],"_links":{"self":[{"href":"https:\/\/haberbesiktas.tr\/index.php?rest_route=\/wp\/v2\/posts\/3796","targetHints":{"allow":["GET"]}}],"collection":[{"href":"https:\/\/haberbesiktas.tr\/index.php?rest_route=\/wp\/v2\/posts"}],"about":[{"href":"https:\/\/haberbesiktas.tr\/index.php?rest_route=\/wp\/v2\/types\/post"}],"author":[{"embeddable":true,"href":"https:\/\/haberbesiktas.tr\/index.php?rest_route=\/wp\/v2\/users\/1"}],"replies":[{"embeddable":true,"href":"https:\/\/haberbesiktas.tr\/index.php?rest_route=%2Fwp%2Fv2%2Fcomments&post=3796"}],"version-history":[{"count":1,"href":"https:\/\/haberbesiktas.tr\/index.php?rest_route=\/wp\/v2\/posts\/3796\/revisions"}],"predecessor-version":[{"id":3798,"href":"https:\/\/haberbesiktas.tr\/index.php?rest_route=\/wp\/v2\/posts\/3796\/revisions\/3798"}],"wp:featuredmedia":[{"embeddable":true,"href":"https:\/\/haberbesiktas.tr\/index.php?rest_route=\/wp\/v2\/media\/3797"}],"wp:attachment":[{"href":"https:\/\/haberbesiktas.tr\/index.php?rest_route=%2Fwp%2Fv2%2Fmedia&parent=3796"}],"wp:term":[{"taxonomy":"category","embeddable":true,"href":"https:\/\/haberbesiktas.tr\/index.php?rest_route=%2Fwp%2Fv2%2Fcategories&post=3796"},{"taxonomy":"post_tag","embeddable":true,"href":"https:\/\/haberbesiktas.tr\/index.php?rest_route=%2Fwp%2Fv2%2Ftags&post=3796"}],"curies":[{"name":"wp","href":"https:\/\/api.w.org\/{rel}","templated":true}]}}