{"id":3799,"date":"2025-01-15T13:06:43","date_gmt":"2025-01-15T13:06:43","guid":{"rendered":"https:\/\/haberbesiktas.tr\/?p=3799"},"modified":"2025-01-15T13:06:43","modified_gmt":"2025-01-15T13:06:43","slug":"down-sendromlu-yuzucu-asrin-basarilariyla-ilham-veriyor","status":"publish","type":"post","link":"https:\/\/haberbesiktas.tr\/?p=3799","title":{"rendered":"Down sendromlu y\u00fcz\u00fcc\u00fc Asr\u0131n, ba\u015far\u0131lar\u0131yla ilham veriyor"},"content":{"rendered":"<div> Ordu&#8217;da down sendromlu <strong>Asr\u0131n Sar\u0131\u00f6zkan<\/strong>, kat\u0131ld\u0131\u011f\u0131 yar\u0131\u015flarda kazand\u0131\u011f\u0131 madalyalarla \u00f6zel ihtiya\u00e7l\u0131 bireylere ilham kayna\u011f\u0131 oluyor.<\/p>\n<p> Ailesinin takviyesiyle 8 ya\u015f\u0131nda y\u00fczmeye ba\u015flayan Sar\u0131\u00f6zkan, ferd\u00ee olarak kat\u0131ld\u0131\u011f\u0131 \u015fampiyonalarda <strong>&#8220;s\u0131rt\u00fcst\u00fc&#8221;<\/strong> ve <strong>&#8220;serbest&#8221;<\/strong> kategorilerinde 100&#8217;e yak\u0131n madalya kazand\u0131.<\/p>\n<p> En son, ge\u00e7en ay Antalya&#8217;da yap\u0131lan T\u00fcrkiye \u015eampiyonas\u0131&#8217;nda 2 g\u00fcm\u00fc\u015f ve 1 bronz madalya kazanan 25 ya\u015f\u0131ndaki sportmen, \u00e7ok sevdi\u011fi y\u00fczmede ba\u015far\u0131lar\u0131na yenilerini eklemek hedefiyle haftan\u0131n belirli g\u00fcnlerinde Alt\u0131nordu il\u00e7esindeki Durug\u00f6l Olimpik Y\u00fczme Havuzu&#8217;nda idman yap\u0131yor.<\/p>\n<p> Asr\u0131n Sar\u0131\u00f6zkan&#8217;\u0131n teyzesi T\u00fclin Baykan, AA muhabirine, ye\u011feninin y\u00fczmede kendini yeti\u015ftirmeyi ba\u015fard\u0131\u011f\u0131n\u0131 s\u00f6yledi.<\/p>\n<p> F\u0131rsat verildi\u011finde down sendromlu \u00e7ocuklar\u0131n \u00e7ok ho\u015f muvaffakiyetler elde edebilece\u011fini belirten Baykan, Asr\u0131n&#8217;\u0131n bunun en ho\u015f \u00f6rne\u011fini g\u00f6stermeyi ba\u015fard\u0131\u011f\u0131n\u0131 vurgulad\u0131.<\/p>\n<p> Asr\u0131n&#8217;\u0131n \u00f6z inan\u00e7l\u0131 bir birey olarak yeti\u015ftirildi\u011fini anlatan Baykan, <strong>&#8220;Ailesi evlatlar\u0131na her \u015feyi yapabilece\u011fini ve ba\u015farabilece\u011fini \u00e7ok d\u00fczg\u00fcn anlatt\u0131. Bu nedenle Asr\u0131n&#8217;\u0131n kendisine olan itimad\u0131 \u00e7ok d\u00fczg\u00fcn.&#8221;<\/strong> dedi.<\/p>\n<p> \u0130dmanlara g\u00f6t\u00fcrd\u00fc\u011f\u00fc ye\u011feni ile yak\u0131ndan ilgilendi\u011fine i\u015faret eden Baykan,<strong> &#8220;Y\u00fczmeye ba\u015flad\u0131\u011f\u0131m\u0131z birinci g\u00fcnden bug\u00fcne k\u0131yaslad\u0131\u011f\u0131m\u0131zda fizik\u00ee olarak daha g\u00fc\u00e7l\u00fc bir Asr\u0131n g\u00f6r\u00fcyoruz. Hayli ba\u015far\u0131l\u0131 bir sportmen. Asr\u0131n ayr\u0131yeten bu azmiyle etraf\u0131na \u00f6rnek oluyor.&#8221;<\/strong> diye konu\u015ftu.<\/p>\n<p> T\u00fclin Baykan, her kazand\u0131\u011f\u0131 madalyan\u0131n Asr\u0131n&#8217;\u0131 keyifli etti\u011fini, gururland\u0131rd\u0131\u011f\u0131n\u0131 lisana getirerek, &#8220;Bizler b\u00f6ylesine ba\u015far\u0131l\u0131 bir atlete sahip oldu\u011fumuz i\u00e7in ayr\u0131yeten \u00e7ok memnunuz.&#8221; s\u00f6z\u00fcn\u00fc kulland\u0131.\u00a0<\/p>\n<p> <strong>&#8211; Antren\u00f6r Aljona Masnjova: &#8220;Asr\u0131n, down sendromlu \u00e7ocuklara \u00e7ok ho\u015f \u00f6rnek oluyor&#8221;<\/strong><\/p>\n<p> Antren\u00f6r Aljona Masnjova ise Asr\u0131n&#8217;\u0131n suyu \u00e7ok sevdi\u011fini, idman s\u0131ras\u0131nda verdi\u011fi t\u00fcm komutlara uydu\u011funu s\u00f6yledi.<\/p>\n<p> <em><strong>Asr\u0131n ile uzun m\u00fcddettir \u00e7al\u0131\u015ft\u0131klar\u0131n\u0131 belirten Masnjova, \u015f\u00f6yle devam etti:<\/strong><\/em><\/p>\n<p> &#8220;Sporcum y\u00fczmede \u00e7ok \u00f6nemli geli\u015fim sa\u011flad\u0131. Asr\u0131n \u00e7ok s\u0131k m\u00fcsabakalara kat\u0131l\u0131yor. Her y\u0131l neredeyse t\u00fcm \u015fampiyonalara kat\u0131l\u0131yoruz. Asr\u0131n Karadeniz&#8217;de bu alanda tek oldu\u011fundan, bir nevi b\u00f6lgemizi \u015fampiyonalarda temsil ediyor. Kendisi neredeyse her yar\u0131\u015ftan madalya ile d\u00f6n\u00fcyor. Madalya kazanmak onun i\u00e7in hobi olmu\u015f.&#8221;<\/p>\n<p> Asr\u0131n&#8217;\u0131n T\u00fcrkiye \u015fampiyonalar\u0131nda \u00e7ok say\u0131da alt\u0131n, g\u00fcm\u00fc\u015f ve bronz madalya kazand\u0131\u011f\u0131n\u0131 anlatan Masnjova, atletinin mesle\u011finde \u015fimdiye kadar 100&#8217;e yak\u0131n madalya ald\u0131\u011f\u0131n\u0131 vurgulad\u0131.<\/p>\n<p> Gen\u00e7 atletin yeni muvaffakiyetler ve dereceler elde etmek i\u00e7in bu y\u0131l ki T\u00fcrkiye \u015fampiyonas\u0131nda da u\u011fra\u015f edece\u011fini vurgulayan Masnjova, <strong>&#8220;Asr\u0131n, down sendromlu \u00e7ocuklara \u00e7ok ho\u015f \u00f6rnek oluyor.&#8221;<\/strong> dedi.\u00a0<\/p><\/div>\n","protected":false},"excerpt":{"rendered":"<p>Down sendromlu y\u00fcz\u00fcc\u00fc Asr\u0131n, ba\u015far\u0131larla dolu mesle\u011fiyle \u00f6rnek oluyor.<\/p>\n","protected":false},"author":1,"featured_media":3800,"comment_status":"open","ping_status":"open","sticky":false,"template":"","format":"standard","meta":{"footnotes":""},"categories":[27],"tags":[516,517,339,199],"class_list":["post-3799","post","type-post","status-publish","format-standard","has-post-thumbnail","hentry","category-guncel-haberler","tag-asrin","tag-baykan","tag-madalya","tag-yuzme"],"_links":{"self":[{"href":"https:\/\/haberbesiktas.tr\/index.php?rest_route=\/wp\/v2\/posts\/3799","targetHints":{"allow":["GET"]}}],"collection":[{"href":"https:\/\/haberbesiktas.tr\/index.php?rest_route=\/wp\/v2\/posts"}],"about":[{"href":"https:\/\/haberbesiktas.tr\/index.php?rest_route=\/wp\/v2\/types\/post"}],"author":[{"embeddable":true,"href":"https:\/\/haberbesiktas.tr\/index.php?rest_route=\/wp\/v2\/users\/1"}],"replies":[{"embeddable":true,"href":"https:\/\/haberbesiktas.tr\/index.php?rest_route=%2Fwp%2Fv2%2Fcomments&post=3799"}],"version-history":[{"count":1,"href":"https:\/\/haberbesiktas.tr\/index.php?rest_route=\/wp\/v2\/posts\/3799\/revisions"}],"predecessor-version":[{"id":3801,"href":"https:\/\/haberbesiktas.tr\/index.php?rest_route=\/wp\/v2\/posts\/3799\/revisions\/3801"}],"wp:featuredmedia":[{"embeddable":true,"href":"https:\/\/haberbesiktas.tr\/index.php?rest_route=\/wp\/v2\/media\/3800"}],"wp:attachment":[{"href":"https:\/\/haberbesiktas.tr\/index.php?rest_route=%2Fwp%2Fv2%2Fmedia&parent=3799"}],"wp:term":[{"taxonomy":"category","embeddable":true,"href":"https:\/\/haberbesiktas.tr\/index.php?rest_route=%2Fwp%2Fv2%2Fcategories&post=3799"},{"taxonomy":"post_tag","embeddable":true,"href":"https:\/\/haberbesiktas.tr\/index.php?rest_route=%2Fwp%2Fv2%2Ftags&post=3799"}],"curies":[{"name":"wp","href":"https:\/\/api.w.org\/{rel}","templated":true}]}}