{"id":37992,"date":"2025-06-15T22:00:06","date_gmt":"2025-06-15T22:00:06","guid":{"rendered":"https:\/\/haberbesiktas.tr\/?p=37992"},"modified":"2025-06-15T22:00:06","modified_gmt":"2025-06-15T22:00:06","slug":"semih-kilicsoyun-kirmizi-karti-forestin-planini-bozdu","status":"publish","type":"post","link":"https:\/\/haberbesiktas.tr\/?p=37992","title":{"rendered":"Semih K\u0131l\u0131\u00e7soy&#8217;un k\u0131rm\u0131z\u0131 kart\u0131, Forest&#8217;\u0131n plan\u0131n\u0131 bozdu!"},"content":{"rendered":"<div>Nottingham Forest, transfer ama\u00e7lar\u0131ndan biri olan Semih K\u0131l\u0131\u00e7soy&#8217;u izlemek hedefiyle T\u00fcrkiye&#8217;ye g\u00f6nderdi\u011fi scout tak\u0131m\u0131n\u0131 makus bir s\u00fcrprizle kar\u015f\u0131 kar\u015f\u0131ya b\u0131rakt\u0131.<\/p>\n<p> Football Fan Cast&#8217;\u0131n haberine nazaran; Gen\u00e7 y\u0131ld\u0131z, Be\u015fikta\u015f&#8217;\u0131n Galatasaray&#8217;\u0131 2-1 yendi\u011fi ma\u00e7ta 96. dakikada k\u0131rm\u0131z\u0131 kart g\u00f6rd\u00fc ve bu \u015fanss\u0131z olay, kul\u00fcb\u00fcn scout grubunun misyonunu olumsuz etkiledi.<\/p>\n<p> Nottingham Forest, ge\u00e7ti\u011fimiz hafta sonu Be\u015fikta\u015f-Galatasaray ma\u00e7\u0131nda Semih K\u0131l\u0131\u00e7soy&#8217;u izlemek i\u00e7in T\u00fcrkiye&#8217;ye scout g\u00f6ndermi\u015fti. Lakin, ma\u00e7\u0131n son anlar\u0131nda K\u0131l\u0131\u00e7soy&#8217;un k\u0131rm\u0131z\u0131 kart g\u00f6rmesi, Nottingham Forest&#8217;\u0131n izledi\u011fi gen\u00e7 oyuncunun gelece\u011fi ismine beklenmedik bir durum yaratt\u0131.<\/p>\n<p> <strong>&#8216;\u0130NANILMAZ&#8217; OLARAK DE\u011eERLEND\u0130R\u0130LD\u0130<\/strong><\/p>\n<p> 19 ya\u015f\u0131ndaki Semih K\u0131l\u0131\u00e7soy, bu d\u00f6nem Be\u015fikta\u015f formas\u0131yla 4 gol ve 6 asistlik etkileyici bir performans sergiledi. &#8220;\u0130nan\u0131lmaz&#8221; olarak tan\u0131mlanan oyuncu, gen\u00e7 ya\u015f\u0131na kar\u015f\u0131n b\u00fcy\u00fck bir potansiyele sahip ve Avrupa futbolunun en yetenekli gen\u00e7 oyuncular\u0131ndan biri olarak g\u00f6steriliyor.<\/p>\n<p> Ge\u00e7ti\u011fimiz d\u00f6nem futbol yetenek g\u00f6zlemcisi Jacek Kulig, K\u0131l\u0131\u00e7soy&#8217;un performans\u0131n\u0131 &#8220;inan\u0131lmaz&#8221; olarak de\u011ferlendirmi\u015fti ve gen\u00e7 oyuncu, bu d\u00f6nem daha da geli\u015fmeye devam etti.\u00a0<\/p>\n<div>\u00a0<\/div>\n<p> \u00a0<\/p>\n<\/div>\n","protected":false},"excerpt":{"rendered":"<p>Nottingham Forest, Be\u015fikta\u015f&#8217;\u0131n Galatasaray&#8217;\u0131 2-1 yendi\u011fi ma\u00e7ta Semih K\u0131l\u0131\u00e7soy&#8217;u izlemek i\u00e7in T\u00fcrkiye&#8217;ye scout g\u00f6nderdi lakin gen\u00e7 y\u0131ld\u0131z, 96. dakikada k\u0131rm\u0131z\u0131 kart g\u00f6rerek kul\u00fcb\u00fcn plans\u0131z bir bi\u00e7imde m\u00fcsabakas\u0131na neden oldu.<\/p>\n","protected":false},"author":1,"featured_media":37993,"comment_status":"open","ping_status":"open","sticky":false,"template":"","format":"standard","meta":{"footnotes":""},"categories":[25],"tags":[334],"class_list":["post-37992","post","type-post","status-publish","format-standard","has-post-thumbnail","hentry","category-futbol","tag-genc"],"_links":{"self":[{"href":"https:\/\/haberbesiktas.tr\/index.php?rest_route=\/wp\/v2\/posts\/37992","targetHints":{"allow":["GET"]}}],"collection":[{"href":"https:\/\/haberbesiktas.tr\/index.php?rest_route=\/wp\/v2\/posts"}],"about":[{"href":"https:\/\/haberbesiktas.tr\/index.php?rest_route=\/wp\/v2\/types\/post"}],"author":[{"embeddable":true,"href":"https:\/\/haberbesiktas.tr\/index.php?rest_route=\/wp\/v2\/users\/1"}],"replies":[{"embeddable":true,"href":"https:\/\/haberbesiktas.tr\/index.php?rest_route=%2Fwp%2Fv2%2Fcomments&post=37992"}],"version-history":[{"count":1,"href":"https:\/\/haberbesiktas.tr\/index.php?rest_route=\/wp\/v2\/posts\/37992\/revisions"}],"predecessor-version":[{"id":37994,"href":"https:\/\/haberbesiktas.tr\/index.php?rest_route=\/wp\/v2\/posts\/37992\/revisions\/37994"}],"wp:featuredmedia":[{"embeddable":true,"href":"https:\/\/haberbesiktas.tr\/index.php?rest_route=\/wp\/v2\/media\/37993"}],"wp:attachment":[{"href":"https:\/\/haberbesiktas.tr\/index.php?rest_route=%2Fwp%2Fv2%2Fmedia&parent=37992"}],"wp:term":[{"taxonomy":"category","embeddable":true,"href":"https:\/\/haberbesiktas.tr\/index.php?rest_route=%2Fwp%2Fv2%2Fcategories&post=37992"},{"taxonomy":"post_tag","embeddable":true,"href":"https:\/\/haberbesiktas.tr\/index.php?rest_route=%2Fwp%2Fv2%2Ftags&post=37992"}],"curies":[{"name":"wp","href":"https:\/\/api.w.org\/{rel}","templated":true}]}}