{"id":37995,"date":"2025-06-15T22:12:07","date_gmt":"2025-06-15T22:12:07","guid":{"rendered":"https:\/\/haberbesiktas.tr\/?p=37995"},"modified":"2025-06-15T22:12:07","modified_gmt":"2025-06-15T22:12:07","slug":"bayernin-mulleri-gonderme-sebebi-ortaya-cikti","status":"publish","type":"post","link":"https:\/\/haberbesiktas.tr\/?p=37995","title":{"rendered":"Bayern&#8217;in M\u00fcller&#8217;i g\u00f6nderme sebebi ortaya \u00e7\u0131kt\u0131!"},"content":{"rendered":"<div>Bayern M\u00fcnih, 35 ya\u015f\u0131ndaki futbolcusu Thomas M\u00fcller ile yollar\u0131n\u0131 ay\u0131rma karar\u0131 ald\u0131.<\/p>\n<p>M\u00fcnih&#8217;in bu karar\u0131 almas\u0131ndaki ana etken, M\u00fcller&#8217;in kazand\u0131\u011f\u0131 y\u0131ll\u0131k fiyat.<\/p>\n<p>Bild&#8217;in haberine nazaran Alman oyujncu, Bavyera tak\u0131m\u0131ndan y\u0131ll\u0131k 17 milyon euro kazan\u0131yor.\u00a0<\/p>\n<p><strong>CENG\u0130Z \u0130LE EK\u0130P ARKADA\u015eI OLAB\u0130L\u0130R<\/strong><\/p>\n<p>Kul\u00fcple tam olarak ba\u011f\u0131n\u0131n kesilmesi istenmeyen oyuncu, Bayern&#8217;in\u00a0MLS&#8217;deki partner kul\u00fcb\u00fc LAFC&#8217;ye g\u00f6ndermeyi planl\u0131yor.<\/p>\n<p><strong>PERFORMANSI<\/strong><\/p>\n<p>Thomas M\u00fcller, bu d\u00f6nem Bayern formas\u0131yla \u00e7\u0131kt\u0131\u011f\u0131 35 ma\u00e7ta 5 gol, 5 asistlik performans sergiledi. <\/p>\n<p>Alman oyuncu, altyap\u0131larla birlikte tam 25 y\u0131ld\u0131r Bayern i\u00e7in forma giydi ve toplamda 742 ma\u00e7a \u00e7\u0131karak 247 gol, 273 asistlik katk\u0131 yapt\u0131.<\/p><\/div>\n","protected":false},"excerpt":{"rendered":"<p>Alman devi Bayern M\u00fcnih, Thomas M\u00fcller ile yollar\u0131n\u0131 ay\u0131rmaya karar\u0131 ald\u0131. Yollar\u0131n ayr\u0131lma sebebi, M\u00fcller&#8217;in y\u0131ll\u0131k maa\u015f\u0131.<\/p>\n","protected":false},"author":1,"featured_media":37996,"comment_status":"open","ping_status":"open","sticky":false,"template":"","format":"standard","meta":{"footnotes":""},"categories":[25],"tags":[],"class_list":["post-37995","post","type-post","status-publish","format-standard","has-post-thumbnail","hentry","category-futbol"],"_links":{"self":[{"href":"https:\/\/haberbesiktas.tr\/index.php?rest_route=\/wp\/v2\/posts\/37995","targetHints":{"allow":["GET"]}}],"collection":[{"href":"https:\/\/haberbesiktas.tr\/index.php?rest_route=\/wp\/v2\/posts"}],"about":[{"href":"https:\/\/haberbesiktas.tr\/index.php?rest_route=\/wp\/v2\/types\/post"}],"author":[{"embeddable":true,"href":"https:\/\/haberbesiktas.tr\/index.php?rest_route=\/wp\/v2\/users\/1"}],"replies":[{"embeddable":true,"href":"https:\/\/haberbesiktas.tr\/index.php?rest_route=%2Fwp%2Fv2%2Fcomments&post=37995"}],"version-history":[{"count":1,"href":"https:\/\/haberbesiktas.tr\/index.php?rest_route=\/wp\/v2\/posts\/37995\/revisions"}],"predecessor-version":[{"id":37997,"href":"https:\/\/haberbesiktas.tr\/index.php?rest_route=\/wp\/v2\/posts\/37995\/revisions\/37997"}],"wp:featuredmedia":[{"embeddable":true,"href":"https:\/\/haberbesiktas.tr\/index.php?rest_route=\/wp\/v2\/media\/37996"}],"wp:attachment":[{"href":"https:\/\/haberbesiktas.tr\/index.php?rest_route=%2Fwp%2Fv2%2Fmedia&parent=37995"}],"wp:term":[{"taxonomy":"category","embeddable":true,"href":"https:\/\/haberbesiktas.tr\/index.php?rest_route=%2Fwp%2Fv2%2Fcategories&post=37995"},{"taxonomy":"post_tag","embeddable":true,"href":"https:\/\/haberbesiktas.tr\/index.php?rest_route=%2Fwp%2Fv2%2Ftags&post=37995"}],"curies":[{"name":"wp","href":"https:\/\/api.w.org\/{rel}","templated":true}]}}