{"id":37998,"date":"2025-06-15T22:24:09","date_gmt":"2025-06-15T22:24:09","guid":{"rendered":"https:\/\/haberbesiktas.tr\/?p=37998"},"modified":"2025-06-15T22:24:09","modified_gmt":"2025-06-15T22:24:09","slug":"tuncay-sanli-play-offtan-kopmak-istemiyoruz","status":"publish","type":"post","link":"https:\/\/haberbesiktas.tr\/?p=37998","title":{"rendered":"Tuncay \u015eanl\u0131: &#8220;Play-off&#8217;tan kopmak istemiyoruz&#8221;"},"content":{"rendered":"<div>Ahlatc\u0131 \u00c7orum FK Teknik Y\u00f6neticisi Tuncay Ulu, Trendyol 1. Lig&#8217;de ola\u011fan d\u00f6nemi play-off s\u0131n\u0131r\u0131nda tamamlamak istediklerini s\u00f6yledi.<\/p>\n<p> Ulu, kul\u00fcp tesislerinde d\u00fczenledi\u011fi bas\u0131n toplant\u0131s\u0131nda, \u00c7orum FK ile \u00e7\u0131kt\u0131\u011f\u0131 birinci 3 ma\u00e7ta istedi\u011fi puan\u0131 ald\u0131\u011f\u0131n\u0131 belirtti.<\/p>\n<p> Oyuncular\u0131ndan \u015fad oldu\u011funu lisana getiren Ulu, &#8220;\u00dc\u00e7 ma\u00e7\u0131n geneline bakt\u0131\u011f\u0131m\u0131zda istedi\u011fimiz puan\u0131 ald\u0131k. Fakat k\u0131ymetli olan oyuncu k\u00fcmesinin tepkisi, alandaki \u00e7abas\u0131 benim a\u00e7\u0131mdan skordan daha k\u0131ymetlidir. \u0130stedi\u011fimiz pozisyonday\u0131z. Lig s\u0131ralamas\u0131nda puanlar birbirine \u00e7ok yak\u0131n.&#8221; dedi.<\/p>\n<p> \u00c7orum FK&#8217;ye birinci geldi\u011finde ekibi bir an evvel toparlamay\u0131 istedi\u011fini anlatan Ulu, <strong>&#8220;Futbol bir oyun ve biz bu oyuna katk\u0131 sunmak istiyoruz. Beklentimiz bir an evvel toparlanmakt\u0131, bilhassa ruhsal olarak oyuncu k\u00fcmesini haz\u0131rlamak gerekiyordu. Onlar da bize yan\u0131t verdi. Oyuncular alanda i\u015fini yapt\u0131\u011f\u0131 s\u00fcrece biz kimi dokunu\u015flar yapt\u0131k. Beklentimizin \u00fcst\u00fcnde bir performans da g\u00f6sterdiler. \u00dc\u00e7 kar\u015f\u0131la\u015fmaya bakt\u0131\u011f\u0131n\u0131zda Gen\u00e7lerbirli\u011fi&#8217;nin 11 ma\u00e7l\u0131k yenilmezlik serisi vard\u0131. Bu ma\u00e7ta oyuncu k\u00fcmesinin beklentimize kar\u015f\u0131l\u0131k vermesi \u00e7ok k\u0131ymetliydi.&#8221;<\/strong> diye konu\u015ftu.<\/p>\n<p> Grup olarak ama\u00e7lar\u0131na odakland\u0131klar\u0131n\u0131n alt\u0131n\u0131 \u00e7izen Ulu, \u015funlar\u0131 kaydetti:<\/p>\n<p> <strong>&#8220;Bir maksad\u0131m\u0131z var ve amaca hakikat \u00e7al\u0131\u015fmalar\u0131m\u0131z devam ediyor. \u015eayet gayeniz yoksa oyun keyif vermez. Oyuncu k\u00fcmesi maksad\u0131na gitti\u011fi i\u00e7in \u00e7ok keyifli bir ortam\u0131m\u0131z var. Hem idman olarak hem idman d\u0131\u015f\u0131 oyuncularla \u00e7al\u0131\u015fmalar\u0131m\u0131z devam ediyor. Play-off potas\u0131nda kalmak istiyoruz. Bir gayemiz oldu\u011fu i\u00e7in buraday\u0131z. Hem toplulu\u011fun hem oyuncu k\u00fcmesinin gayeleri var. Play-off i\u00e7indeyiz ve bu gayeden kopmak istemiyoruz.&#8221;<\/strong><\/p>\n<\/div>\n","protected":false},"excerpt":{"rendered":"<p>Ahlatc\u0131 \u00c7orum FK Teknik Y\u00f6neticisi Tuncay \u015eanl\u0131, lig yar\u0131\u015f\u0131 hakk\u0131nda a\u00e7\u0131klamalarda bulundu.<\/p>\n","protected":false},"author":1,"featured_media":37999,"comment_status":"open","ping_status":"open","sticky":false,"template":"","format":"standard","meta":{"footnotes":""},"categories":[25],"tags":[43,2957,2343],"class_list":["post-37998","post","type-post","status-publish","format-standard","has-post-thumbnail","hentry","category-futbol","tag-oyun","tag-oyuncu-grubu","tag-sanli"],"_links":{"self":[{"href":"https:\/\/haberbesiktas.tr\/index.php?rest_route=\/wp\/v2\/posts\/37998","targetHints":{"allow":["GET"]}}],"collection":[{"href":"https:\/\/haberbesiktas.tr\/index.php?rest_route=\/wp\/v2\/posts"}],"about":[{"href":"https:\/\/haberbesiktas.tr\/index.php?rest_route=\/wp\/v2\/types\/post"}],"author":[{"embeddable":true,"href":"https:\/\/haberbesiktas.tr\/index.php?rest_route=\/wp\/v2\/users\/1"}],"replies":[{"embeddable":true,"href":"https:\/\/haberbesiktas.tr\/index.php?rest_route=%2Fwp%2Fv2%2Fcomments&post=37998"}],"version-history":[{"count":1,"href":"https:\/\/haberbesiktas.tr\/index.php?rest_route=\/wp\/v2\/posts\/37998\/revisions"}],"predecessor-version":[{"id":38000,"href":"https:\/\/haberbesiktas.tr\/index.php?rest_route=\/wp\/v2\/posts\/37998\/revisions\/38000"}],"wp:featuredmedia":[{"embeddable":true,"href":"https:\/\/haberbesiktas.tr\/index.php?rest_route=\/wp\/v2\/media\/37999"}],"wp:attachment":[{"href":"https:\/\/haberbesiktas.tr\/index.php?rest_route=%2Fwp%2Fv2%2Fmedia&parent=37998"}],"wp:term":[{"taxonomy":"category","embeddable":true,"href":"https:\/\/haberbesiktas.tr\/index.php?rest_route=%2Fwp%2Fv2%2Fcategories&post=37998"},{"taxonomy":"post_tag","embeddable":true,"href":"https:\/\/haberbesiktas.tr\/index.php?rest_route=%2Fwp%2Fv2%2Ftags&post=37998"}],"curies":[{"name":"wp","href":"https:\/\/api.w.org\/{rel}","templated":true}]}}