{"id":3802,"date":"2025-01-15T13:18:46","date_gmt":"2025-01-15T13:18:46","guid":{"rendered":"https:\/\/haberbesiktas.tr\/?p=3802"},"modified":"2025-01-15T13:18:46","modified_gmt":"2025-01-15T13:18:46","slug":"adanasporun-iki-yeni-transferi-kente-geldi","status":"publish","type":"post","link":"https:\/\/haberbesiktas.tr\/?p=3802","title":{"rendered":"Adanaspor&#8217;un iki yeni transferi kente geldi"},"content":{"rendered":"<div>1&#8217;inci Lig tak\u0131mlar\u0131ndan Adanaspor&#8217;un prensipte anla\u015ft\u0131\u011f\u0131 Arnavut forvet Sokol Cikalleshi ve Romanyal\u0131 forvet Andrei Ivan, kente geldi.<\/p>\n<p> Adanaspor&#8217;un prensipte anla\u015ft\u0131\u011f\u0131 forvetler Sokol Cikalleshi ve Andrei Ivan&#8217;\u0131 \u00c7ukurova Memleketler aras\u0131 Havaliman\u0131&#8217;nda Adanaspor Lider Yard\u0131mc\u0131s\u0131 Enes Ayhan ile taraftarlar kar\u015f\u0131lad\u0131. Adanaspor&#8217;a geldi\u011fi i\u00e7in \u00e7ok memnun oldu\u011funu s\u00f6yleyen Cikalleshi, &#8220;Adana b\u00fcy\u00fck bir topluluk. Ben ve Andrei her \u015feyimizi verece\u011fiz. \u0130n\u015fallah ba\u015far\u0131l\u0131 olaca\u011f\u0131z&#8221; dedi.<\/p>\n<p> Andrei Ivan ise \u00e7ok gol at\u0131p kadroya katk\u0131 vermek istedi\u011fini tabir etti. Havaliman\u0131nda toplanan taraftarlar, me\u015fale yak\u0131p, tezah\u00fcratlarda bulundu.<\/p>\n<p> \u00a0<\/p>\n<\/div>\n","protected":false},"excerpt":{"rendered":"<p>Adanaspor&#8217;un prensipte anla\u015ft\u0131\u011f\u0131 Sokol Cikalleshi ve Andrei Ivan, kente geldi.<\/p>\n","protected":false},"author":1,"featured_media":3803,"comment_status":"open","ping_status":"open","sticky":false,"template":"","format":"standard","meta":{"footnotes":""},"categories":[25],"tags":[],"class_list":["post-3802","post","type-post","status-publish","format-standard","has-post-thumbnail","hentry","category-futbol"],"_links":{"self":[{"href":"https:\/\/haberbesiktas.tr\/index.php?rest_route=\/wp\/v2\/posts\/3802","targetHints":{"allow":["GET"]}}],"collection":[{"href":"https:\/\/haberbesiktas.tr\/index.php?rest_route=\/wp\/v2\/posts"}],"about":[{"href":"https:\/\/haberbesiktas.tr\/index.php?rest_route=\/wp\/v2\/types\/post"}],"author":[{"embeddable":true,"href":"https:\/\/haberbesiktas.tr\/index.php?rest_route=\/wp\/v2\/users\/1"}],"replies":[{"embeddable":true,"href":"https:\/\/haberbesiktas.tr\/index.php?rest_route=%2Fwp%2Fv2%2Fcomments&post=3802"}],"version-history":[{"count":1,"href":"https:\/\/haberbesiktas.tr\/index.php?rest_route=\/wp\/v2\/posts\/3802\/revisions"}],"predecessor-version":[{"id":3804,"href":"https:\/\/haberbesiktas.tr\/index.php?rest_route=\/wp\/v2\/posts\/3802\/revisions\/3804"}],"wp:featuredmedia":[{"embeddable":true,"href":"https:\/\/haberbesiktas.tr\/index.php?rest_route=\/wp\/v2\/media\/3803"}],"wp:attachment":[{"href":"https:\/\/haberbesiktas.tr\/index.php?rest_route=%2Fwp%2Fv2%2Fmedia&parent=3802"}],"wp:term":[{"taxonomy":"category","embeddable":true,"href":"https:\/\/haberbesiktas.tr\/index.php?rest_route=%2Fwp%2Fv2%2Fcategories&post=3802"},{"taxonomy":"post_tag","embeddable":true,"href":"https:\/\/haberbesiktas.tr\/index.php?rest_route=%2Fwp%2Fv2%2Ftags&post=3802"}],"curies":[{"name":"wp","href":"https:\/\/api.w.org\/{rel}","templated":true}]}}