{"id":3805,"date":"2025-01-15T13:30:45","date_gmt":"2025-01-15T13:30:45","guid":{"rendered":"https:\/\/haberbesiktas.tr\/?p=3805"},"modified":"2025-01-15T13:30:45","modified_gmt":"2025-01-15T13:30:45","slug":"balikesirsporda-ertekinden-kamp-degerlendirmesi","status":"publish","type":"post","link":"https:\/\/haberbesiktas.tr\/?p=3805","title":{"rendered":"Bal\u0131kesirspor&#8217;da Ertekin&#8217;den kamp de\u011ferlendirmesi"},"content":{"rendered":"<div>TFF 3&#8217;\u00fcnc\u00fc Lig 2&#8217;nci K\u00fcme&#8217;de birinci devreyi liderlik koltu\u011funda tamamlayan Bal\u0131kesirspor&#8217;da Teknik Y\u00f6netici \u0130smail Ertekin, Antalya kamp\u0131n\u0131 k\u0131ymetlendirdi.<\/p>\n<p> Kamp\u0131n hayli verimli ge\u00e7ti\u011fini belirten Ertekin, &#8220;Hem fiziki, hem de mental olarak bir\u00e7ok oyuncumuzu \u00fcst d\u00fczeye \u00e7ektik. Tabi ortada hem fizik, hem zihinsel olarak verimli olmayan oyuncular da oldu lakin kadrom geneli d\u00fczg\u00fcn durumda. \u0130n\u015fallah lige bu olumlu manzaray\u0131 yans\u0131t\u0131r\u0131z. \u0130kinci yar\u0131daki ma\u00e7larda oyuncular\u0131m\u0131z daha fazla katk\u0131 sa\u011flayarak, bize yararl\u0131 olurlar&#8221; dedi.<\/p>\n<p> Haz\u0131rl\u0131k devrinde al\u0131nan sonu\u00e7lar\u0131n kendilerini \u00e7ok ilgilendirmedi\u011fini s\u00f6z eden deneyimli teknik adam, &#8220;Bizim i\u00e7in k\u0131ymetli olan oyuncular\u0131n fizik\u00ee ve mental durumu. G\u00fcnde \u00e7ift egzersizle \u00e7al\u0131\u015ft\u0131\u011f\u0131m\u0131z i\u00e7in fizik\u00ee yorgunlu\u011fumuz var. Onun i\u00e7in bu haz\u0131rl\u0131k ma\u00e7lar\u0131 \u00e7ok k\u0131ymetli de\u011fil bizim i\u00e7in. Sonu\u00e7lar bizim kadromuzun ger\u00e7ekli\u011fini yans\u0131tm\u0131yor. O y\u00fczden al\u0131nan sonu\u00e7lar\u0131 ba\u015fa takm\u0131yoruz&#8221; diye konu\u015ftu. Kamp\u0131 tamamlayan k\u0131rm\u0131z\u0131-beyazl\u0131lar ligin ikinci devresinin birinci haftas\u0131nda oynanacak Fatsa Belediyespor deplasman\u0131n\u0131n haz\u0131rl\u0131klar\u0131na sal\u0131 g\u00fcn\u00fc tesislerinde ba\u015flayacak.<\/p>\n<\/div>\n","protected":false},"excerpt":{"rendered":"<p>Bal\u0131kesirspor&#8217;da Teknik Y\u00f6netici \u0130smail Ertekin, Antalya kamp\u0131yla ilgili k\u0131ymetlendirme yapt\u0131.<\/p>\n","protected":false},"author":1,"featured_media":3806,"comment_status":"open","ping_status":"open","sticky":false,"template":"","format":"standard","meta":{"footnotes":""},"categories":[25],"tags":[],"class_list":["post-3805","post","type-post","status-publish","format-standard","has-post-thumbnail","hentry","category-futbol"],"_links":{"self":[{"href":"https:\/\/haberbesiktas.tr\/index.php?rest_route=\/wp\/v2\/posts\/3805","targetHints":{"allow":["GET"]}}],"collection":[{"href":"https:\/\/haberbesiktas.tr\/index.php?rest_route=\/wp\/v2\/posts"}],"about":[{"href":"https:\/\/haberbesiktas.tr\/index.php?rest_route=\/wp\/v2\/types\/post"}],"author":[{"embeddable":true,"href":"https:\/\/haberbesiktas.tr\/index.php?rest_route=\/wp\/v2\/users\/1"}],"replies":[{"embeddable":true,"href":"https:\/\/haberbesiktas.tr\/index.php?rest_route=%2Fwp%2Fv2%2Fcomments&post=3805"}],"version-history":[{"count":1,"href":"https:\/\/haberbesiktas.tr\/index.php?rest_route=\/wp\/v2\/posts\/3805\/revisions"}],"predecessor-version":[{"id":3807,"href":"https:\/\/haberbesiktas.tr\/index.php?rest_route=\/wp\/v2\/posts\/3805\/revisions\/3807"}],"wp:featuredmedia":[{"embeddable":true,"href":"https:\/\/haberbesiktas.tr\/index.php?rest_route=\/wp\/v2\/media\/3806"}],"wp:attachment":[{"href":"https:\/\/haberbesiktas.tr\/index.php?rest_route=%2Fwp%2Fv2%2Fmedia&parent=3805"}],"wp:term":[{"taxonomy":"category","embeddable":true,"href":"https:\/\/haberbesiktas.tr\/index.php?rest_route=%2Fwp%2Fv2%2Fcategories&post=3805"},{"taxonomy":"post_tag","embeddable":true,"href":"https:\/\/haberbesiktas.tr\/index.php?rest_route=%2Fwp%2Fv2%2Ftags&post=3805"}],"curies":[{"name":"wp","href":"https:\/\/api.w.org\/{rel}","templated":true}]}}