{"id":38063,"date":"2025-06-16T02:36:07","date_gmt":"2025-06-16T02:36:07","guid":{"rendered":"https:\/\/haberbesiktas.tr\/?p=38063"},"modified":"2025-06-16T02:36:07","modified_gmt":"2025-06-16T02:36:07","slug":"ole-gunnar-solskjaer-galatasaray-derbisinde-gosterdik","status":"publish","type":"post","link":"https:\/\/haberbesiktas.tr\/?p=38063","title":{"rendered":"Ole Gunnar Solskjaer: &#8220;Galatasaray derbisinde g\u00f6sterdik&#8221;"},"content":{"rendered":"<div>Be\u015fikta\u015f Teknik Y\u00f6neticisi Ole Gunnar Solskjaer, kupadaki G\u00f6ztepe ma\u00e7\u0131 \u00f6ncesi konu\u015ftu.<\/p>\n<p> Norve\u00e7li teknik adam, &#8220;Bug\u00fcn daha g\u00fczel bir kadro g\u00f6rmek istiyoruz. Daima geli\u015fen bir Be\u015fikta\u015f g\u00f6rmek istiyoruz. Liderimiz bug\u00fcn maalesef ma\u00e7\u0131 izleyemeyecek lakin tesislerde bize uygun dileklerde bulundu. Onun ve taraftar\u0131m\u0131z i\u00e7in oynayaca\u011f\u0131z. Galatasaray ma\u00e7\u0131nda birlikte oldu\u011fumuzda neler yapabilece\u011fimizi g\u00f6sterdik. Oyuncular\u0131m\u0131z bug\u00fcn yapt\u0131klar\u0131n\u0131n devam\u0131n\u0131 yapmak isteyecekler. Kaliteli bir bi\u00e7imde daima daha d\u00fczg\u00fcn\u00fcn\u00fc yapmak i\u00e7in u\u011fra\u015f edece\u011fiz.&#8221; dedi.<\/p>\n<p> Solskjaer, tak\u0131m tercihi i\u00e7in, &#8220;Paulista, uzun periyodik sakatl\u0131k ya\u015fad\u0131. Onu korumak i\u00e7in yedek tutuyoruz. Tayyip uygun bir oyuncu ve ona g\u00fcveniyorum. Ersin, \u00e7ok g\u00fczel bir kaleci ve Be\u015fikta\u015f&#8217;ta \u015fampiyon oldu. \u0130ki \u00e2l\u00e2 kalecim var. \u0130kisi de oynamay\u0131 hak ediyor. Ekipteki herkesin k\u0131ymetli oldu\u011funu anlatmak i\u00e7in bu \u015fekil oyuncular\u0131 oynatmak de\u011ferli. Ersin tahminen kupada daha fazla m\u00fcddet al\u0131r.&#8221; diye konu\u015ftu.<\/p>\n<\/div>\n","protected":false},"excerpt":{"rendered":"<p>Be\u015fikta\u015f Teknik Y\u00f6neticisi Ole Gunnar Solskjaer, kupadaki G\u00f6ztepe ma\u00e7\u0131 \u00f6ncesi konu\u015ftu.<\/p>\n","protected":false},"author":1,"featured_media":38064,"comment_status":"open","ping_status":"open","sticky":false,"template":"","format":"standard","meta":{"footnotes":""},"categories":[25],"tags":[],"class_list":["post-38063","post","type-post","status-publish","format-standard","has-post-thumbnail","hentry","category-futbol"],"_links":{"self":[{"href":"https:\/\/haberbesiktas.tr\/index.php?rest_route=\/wp\/v2\/posts\/38063","targetHints":{"allow":["GET"]}}],"collection":[{"href":"https:\/\/haberbesiktas.tr\/index.php?rest_route=\/wp\/v2\/posts"}],"about":[{"href":"https:\/\/haberbesiktas.tr\/index.php?rest_route=\/wp\/v2\/types\/post"}],"author":[{"embeddable":true,"href":"https:\/\/haberbesiktas.tr\/index.php?rest_route=\/wp\/v2\/users\/1"}],"replies":[{"embeddable":true,"href":"https:\/\/haberbesiktas.tr\/index.php?rest_route=%2Fwp%2Fv2%2Fcomments&post=38063"}],"version-history":[{"count":1,"href":"https:\/\/haberbesiktas.tr\/index.php?rest_route=\/wp\/v2\/posts\/38063\/revisions"}],"predecessor-version":[{"id":38065,"href":"https:\/\/haberbesiktas.tr\/index.php?rest_route=\/wp\/v2\/posts\/38063\/revisions\/38065"}],"wp:featuredmedia":[{"embeddable":true,"href":"https:\/\/haberbesiktas.tr\/index.php?rest_route=\/wp\/v2\/media\/38064"}],"wp:attachment":[{"href":"https:\/\/haberbesiktas.tr\/index.php?rest_route=%2Fwp%2Fv2%2Fmedia&parent=38063"}],"wp:term":[{"taxonomy":"category","embeddable":true,"href":"https:\/\/haberbesiktas.tr\/index.php?rest_route=%2Fwp%2Fv2%2Fcategories&post=38063"},{"taxonomy":"post_tag","embeddable":true,"href":"https:\/\/haberbesiktas.tr\/index.php?rest_route=%2Fwp%2Fv2%2Ftags&post=38063"}],"curies":[{"name":"wp","href":"https:\/\/api.w.org\/{rel}","templated":true}]}}