{"id":38069,"date":"2025-06-16T03:00:07","date_gmt":"2025-06-16T03:00:07","guid":{"rendered":"https:\/\/haberbesiktas.tr\/?p=38069"},"modified":"2025-06-16T03:00:07","modified_gmt":"2025-06-16T03:00:07","slug":"volkan-demirelden-fenerbahce-aciklamasi","status":"publish","type":"post","link":"https:\/\/haberbesiktas.tr\/?p=38069","title":{"rendered":"Volkan Demirel&#8217;den Fenerbah\u00e7e a\u00e7\u0131klamas\u0131!"},"content":{"rendered":"<div>Teknik y\u00f6netici Volkan Demirel, Asist Tahlil&#8217;de g\u00fcndeme dair de\u011ferlendirmelerde bulundu.<\/p>\n<p> Demirel, Fenerbah\u00e7e&#8217;den gelen soruya da yan\u0131t verdi. Volkan Demirel, <strong>&#8220;Telefonunuz \u00e7alarsa, Fenerbah\u00e7e&#8217;den bir telefon gelirse, &#8220;Volkan ate\u015ften g\u00f6mle\u011fi giymeye haz\u0131r m\u0131s\u0131n?&#8221; derlerse o g\u00f6mle\u011fi giyer misin?<\/strong>&#8221; sorusunun akabinde <strong>&#8220;Biz Fenerbah\u00e7e i\u00e7in her vakit t\u00fcrl\u00fc g\u00f6mle\u011fi giydik. Hi\u00e7bir sorun yok. Lakin tekrar s\u00f6yl\u00fcyorum ben, benim vaktim ne vakit, yanl\u0131\u015fs\u0131z vakit ne vakit ben oraya gelece\u011fim. Bu yar\u0131n olur, 5 y\u0131l sonra olur, 10 y\u0131l sonra olur. Onu bilmiyorum. \u015eu an i\u00e7in o denli bir fikrim yok. Beni yanl\u0131\u015f anlamas\u0131nlar. Mourinho&#8217;nun kendi iste\u011fi ile gitmesi gerekti\u011fini fakat gitmezse de bence g\u00f6nderilmemesi gerekti\u011fini s\u00f6yledim. O denli bir \u015fey olursa, bunu kendim i\u00e7in s\u00f6ylemiyorum, ben dahil herkes gelebilir. Gelen yahut kalan, \u00f6ncesi yahut sonras\u0131, buras\u0131 Fenerbah\u00e7e, buran\u0131n dinamikleri ve havas\u0131 \u00f6b\u00fcr bir \u015fey. O havay\u0131 bilmeden, teneff\u00fcs etmeden Fenerbah\u00e7e&#8217;ye yararl\u0131 olamazs\u0131n\u0131z. Daha \u00e7ok a\u00e7\u0131l\u0131m\u0131 var bende lakin bu a\u00e7\u0131l\u0131m\u0131 burada yapmam yanl\u0131\u015f olur, farkl\u0131 yerlere masraf. Lakin Fenerbah\u00e7elilik farkl\u0131 bir \u015feydir. Fenerbah\u00e7e&#8217;yi, Fenerbah\u00e7eliler temsil eder.&#8221;<\/strong> kar\u015f\u0131l\u0131\u011f\u0131n\u0131 verdi.<\/p>\n<p> Fenerbah\u00e7e&#8217;de 2002-2019 y\u0131llar\u0131 ortas\u0131nda forma giyen Volkan Demirel, daha sonra sar\u0131-lacivertlilerde yard\u0131mc\u0131 antren\u00f6rl\u00fck misyonunda bulunmu\u015ftu.<\/p>\n<p> Volkan Demirel, teknik y\u00f6neticilik mesle\u011finde ise; Fatih Karag\u00fcmr\u00fck, Hatayspor ve Bodrum FK&#8217;de misyon yapt\u0131.<\/p>\n<\/div>\n","protected":false},"excerpt":{"rendered":"<p>Fenerbah\u00e7e&#8217;nin efsane isimlerinden biri olan Volkan Demirel, sar\u0131-lacivertlilerle ilgili gelen soruya yan\u0131t verdi.<\/p>\n","protected":false},"author":1,"featured_media":38070,"comment_status":"open","ping_status":"open","sticky":false,"template":"","format":"standard","meta":{"footnotes":""},"categories":[25],"tags":[556,115,2965,54],"class_list":["post-38069","post","type-post","status-publish","format-standard","has-post-thumbnail","hentry","category-futbol","tag-demirel","tag-fenerbahce","tag-volkan","tag-zaman"],"_links":{"self":[{"href":"https:\/\/haberbesiktas.tr\/index.php?rest_route=\/wp\/v2\/posts\/38069","targetHints":{"allow":["GET"]}}],"collection":[{"href":"https:\/\/haberbesiktas.tr\/index.php?rest_route=\/wp\/v2\/posts"}],"about":[{"href":"https:\/\/haberbesiktas.tr\/index.php?rest_route=\/wp\/v2\/types\/post"}],"author":[{"embeddable":true,"href":"https:\/\/haberbesiktas.tr\/index.php?rest_route=\/wp\/v2\/users\/1"}],"replies":[{"embeddable":true,"href":"https:\/\/haberbesiktas.tr\/index.php?rest_route=%2Fwp%2Fv2%2Fcomments&post=38069"}],"version-history":[{"count":1,"href":"https:\/\/haberbesiktas.tr\/index.php?rest_route=\/wp\/v2\/posts\/38069\/revisions"}],"predecessor-version":[{"id":38071,"href":"https:\/\/haberbesiktas.tr\/index.php?rest_route=\/wp\/v2\/posts\/38069\/revisions\/38071"}],"wp:featuredmedia":[{"embeddable":true,"href":"https:\/\/haberbesiktas.tr\/index.php?rest_route=\/wp\/v2\/media\/38070"}],"wp:attachment":[{"href":"https:\/\/haberbesiktas.tr\/index.php?rest_route=%2Fwp%2Fv2%2Fmedia&parent=38069"}],"wp:term":[{"taxonomy":"category","embeddable":true,"href":"https:\/\/haberbesiktas.tr\/index.php?rest_route=%2Fwp%2Fv2%2Fcategories&post=38069"},{"taxonomy":"post_tag","embeddable":true,"href":"https:\/\/haberbesiktas.tr\/index.php?rest_route=%2Fwp%2Fv2%2Ftags&post=38069"}],"curies":[{"name":"wp","href":"https:\/\/api.w.org\/{rel}","templated":true}]}}