{"id":3808,"date":"2025-01-15T13:42:40","date_gmt":"2025-01-15T13:42:40","guid":{"rendered":"https:\/\/haberbesiktas.tr\/?p=3808"},"modified":"2025-01-15T13:42:40","modified_gmt":"2025-01-15T13:42:40","slug":"trabzonspor-antalyasporu-konuk-edecek","status":"publish","type":"post","link":"https:\/\/haberbesiktas.tr\/?p=3808","title":{"rendered":"Trabzonspor, Antalyaspor&#8217;u konuk edecek"},"content":{"rendered":"<div>\n<div> Trabzonspor, Trendyol \u00dcst\u00fcn Lig&#8217;in 19. haftas\u0131nda 12 Ocak Pazar g\u00fcn\u00fc Onvo Antalyaspor ile alan\u0131nda kar\u015f\u0131la\u015facak.<\/p>\n<p> Papara Park&#8217;ta saat 16.00&#8217;da ba\u015flayacak m\u00fcsabakay\u0131, hakem Cihan Ayd\u0131n y\u00f6netecek.<\/p>\n<p> Ligde ge\u00e7en hafta Reeder Samsunspor&#8217;a deplasmanda 2-1 ma\u011flup olan, hafta i\u00e7inde ise Ziraat T\u00fcrkiye Kupas\u0131&#8217;nda Corendon Alanyaspor&#8217;u 3-0 yenen bordo-mavili grup, Onvo Antalyaspor m\u00fcsabakas\u0131n\u0131 kazanarak alt s\u0131ralardan uzakla\u015fmak istiyor.<\/p>\n<p> Karadeniz ekibi, ligde 17 ma\u00e7 sonunda 4 galibiyet, 7 beraberlik, 6 yenilgi ile 19 puanla 14. s\u0131rada yer al\u0131yor.<\/p>\n<p> Bordo-mavililerde Denis Dragu\u015f&#8217;un sakatl\u0131\u011f\u0131 bulunuyor.<\/p>\n<div>\u00a0<\/div>\n<\/p><\/div>\n<div>\u00a0<\/div>\n<\/div>\n","protected":false},"excerpt":{"rendered":"<p>Trabzonspor, S\u00fcper Lig&#8217;de 12 Ocak Pazar g\u00fcn\u00fc Antalyaspor&#8217;u konuk edecek.<\/p>\n","protected":false},"author":1,"featured_media":3809,"comment_status":"open","ping_status":"open","sticky":false,"template":"","format":"standard","meta":{"footnotes":""},"categories":[25],"tags":[],"class_list":["post-3808","post","type-post","status-publish","format-standard","has-post-thumbnail","hentry","category-futbol"],"_links":{"self":[{"href":"https:\/\/haberbesiktas.tr\/index.php?rest_route=\/wp\/v2\/posts\/3808","targetHints":{"allow":["GET"]}}],"collection":[{"href":"https:\/\/haberbesiktas.tr\/index.php?rest_route=\/wp\/v2\/posts"}],"about":[{"href":"https:\/\/haberbesiktas.tr\/index.php?rest_route=\/wp\/v2\/types\/post"}],"author":[{"embeddable":true,"href":"https:\/\/haberbesiktas.tr\/index.php?rest_route=\/wp\/v2\/users\/1"}],"replies":[{"embeddable":true,"href":"https:\/\/haberbesiktas.tr\/index.php?rest_route=%2Fwp%2Fv2%2Fcomments&post=3808"}],"version-history":[{"count":1,"href":"https:\/\/haberbesiktas.tr\/index.php?rest_route=\/wp\/v2\/posts\/3808\/revisions"}],"predecessor-version":[{"id":3810,"href":"https:\/\/haberbesiktas.tr\/index.php?rest_route=\/wp\/v2\/posts\/3808\/revisions\/3810"}],"wp:featuredmedia":[{"embeddable":true,"href":"https:\/\/haberbesiktas.tr\/index.php?rest_route=\/wp\/v2\/media\/3809"}],"wp:attachment":[{"href":"https:\/\/haberbesiktas.tr\/index.php?rest_route=%2Fwp%2Fv2%2Fmedia&parent=3808"}],"wp:term":[{"taxonomy":"category","embeddable":true,"href":"https:\/\/haberbesiktas.tr\/index.php?rest_route=%2Fwp%2Fv2%2Fcategories&post=3808"},{"taxonomy":"post_tag","embeddable":true,"href":"https:\/\/haberbesiktas.tr\/index.php?rest_route=%2Fwp%2Fv2%2Ftags&post=3808"}],"curies":[{"name":"wp","href":"https:\/\/api.w.org\/{rel}","templated":true}]}}