{"id":3811,"date":"2025-01-15T13:54:42","date_gmt":"2025-01-15T13:54:42","guid":{"rendered":"https:\/\/haberbesiktas.tr\/?p=3811"},"modified":"2025-01-15T13:54:42","modified_gmt":"2025-01-15T13:54:42","slug":"ahmet-calik-vefatinin-3-yil-donumunde-unutulmadi","status":"publish","type":"post","link":"https:\/\/haberbesiktas.tr\/?p=3811","title":{"rendered":"Ahmet \u00c7al\u0131k, vefat\u0131n\u0131n 3. y\u0131l d\u00f6n\u00fcm\u00fcnde unutulmad\u0131"},"content":{"rendered":"<div>T\u00fcrk futbol toplulu\u011fu, 2022 y\u0131l\u0131nda trafik kazas\u0131nda vefat eden ulusal futbolcu <strong>Ahmet \u00c7al\u0131k<\/strong>&#8216;\u0131 vefat\u0131n\u0131n \u00fc\u00e7\u00fcnc\u00fc y\u0131l d\u00f6n\u00fcm\u00fcnde yay\u0131mlad\u0131\u011f\u0131 bildirilerle and\u0131.<\/p>\n<p> T\u00fcrkiye Futbol Federasyonundan yap\u0131lan &#8220;Ahmet \u00c7al\u0131k&#8217;\u0131 h\u00fcrmetle an\u0131yoruz&#8221; ba\u015fl\u0131kl\u0131 payla\u015f\u0131mda, &#8220;8&#8217;i A Ulusal Grubumuzda olmak \u00fczere toplam 76 defa Ay-y\u0131ld\u0131zl\u0131 formam\u0131z\u0131 giyen, 2022 y\u0131l\u0131nda elim bir kaza sonucu kaybetti\u011fimiz ve Spor Toto S\u00fcper Lig 2021-2022 D\u00f6nemi&#8217;ne ismini vermekten onur duydu\u011fumuz Ahmet \u00c7al\u0131k&#8217;\u0131 ortam\u0131zdan ayr\u0131l\u0131\u015f\u0131n\u0131n 3. y\u0131l d\u00f6n\u00fcm\u00fcnde sevgi, h\u00fcrmet ve rahmetle an\u0131yoruz. Daima kalbimizde olacak, hi\u00e7 unutulmayacaks\u0131n Ahmet \u00c7al\u0131k&#8230;&#8221; tabirleri kullan\u0131ld\u0131.<\/p>\n<p> Galatasaray Kul\u00fcb\u00fc ise eski oyuncusu \u00c7al\u0131k i\u00e7in &#8220;Kalbimizdesin Ahmet&#8230; Elim bir trafik kazas\u0131nda hayat\u0131n\u0131 kaybeden eski futbolcumuz Ahmet \u00c7al\u0131k&#8217;\u0131 vefat\u0131n\u0131n 3. y\u0131l d\u00f6n\u00fcm\u00fcnde rahmetle ve hasretle an\u0131yoruz.&#8221; g\u00f6r\u00fc\u015flerine yer verdi.<\/p>\n<p> Be\u015fikta\u015f Kul\u00fcb\u00fc X platformundan payla\u015f\u0131lan bildiriyle Ahmet \u00c7al\u0131k&#8217;\u0131 &#8220;Gen\u00e7 ya\u015fta trafik kazas\u0131nda hayat\u0131n\u0131 kaybeden Ahmet \u00c7al\u0131k&#8217;\u0131 vefat\u0131n\u0131n 3. y\u0131l d\u00f6n\u00fcm\u00fcnde rahmetle ve hasretle an\u0131yoruz. Her vakit kalbimizde olacaks\u0131n Ahmet&#8230;&#8221; kelamlar\u0131yla and\u0131.<\/p>\n<p> Ahmet \u00c7al\u0131k, 11 Ocak 2022&#8217;de Konya&#8217;dan Ankara&#8217;ya d\u00f6nerken ge\u00e7irdi\u011fi trafik kazas\u0131nda hayat\u0131n\u0131 yitirmi\u015fti.<\/p>\n<p> \u00c7al\u0131k&#8217;\u0131n kulland\u0131\u011f\u0131 araba, Ankara-Ni\u011fde otoyolunda seyir halindeyken, G\u00f6lba\u015f\u0131 Hac\u0131lar mevkisinde denetimden \u00e7\u0131k\u0131p \u015farampole devrilmi\u015fti.<\/p>\n<\/div>\n","protected":false},"excerpt":{"rendered":"<p>Trafik kazas\u0131nda hayat\u0131n\u0131 kaybeden Ahmet \u00c7al\u0131k, vefat\u0131n\u0131n 3. y\u0131l d\u00f6n\u00fcm\u00fcnde unutulmad\u0131.<\/p>\n","protected":false},"author":1,"featured_media":3812,"comment_status":"open","ping_status":"open","sticky":false,"template":"","format":"standard","meta":{"footnotes":""},"categories":[25],"tags":[518],"class_list":["post-3811","post","type-post","status-publish","format-standard","has-post-thumbnail","hentry","category-futbol","tag-kaza"],"_links":{"self":[{"href":"https:\/\/haberbesiktas.tr\/index.php?rest_route=\/wp\/v2\/posts\/3811","targetHints":{"allow":["GET"]}}],"collection":[{"href":"https:\/\/haberbesiktas.tr\/index.php?rest_route=\/wp\/v2\/posts"}],"about":[{"href":"https:\/\/haberbesiktas.tr\/index.php?rest_route=\/wp\/v2\/types\/post"}],"author":[{"embeddable":true,"href":"https:\/\/haberbesiktas.tr\/index.php?rest_route=\/wp\/v2\/users\/1"}],"replies":[{"embeddable":true,"href":"https:\/\/haberbesiktas.tr\/index.php?rest_route=%2Fwp%2Fv2%2Fcomments&post=3811"}],"version-history":[{"count":1,"href":"https:\/\/haberbesiktas.tr\/index.php?rest_route=\/wp\/v2\/posts\/3811\/revisions"}],"predecessor-version":[{"id":3813,"href":"https:\/\/haberbesiktas.tr\/index.php?rest_route=\/wp\/v2\/posts\/3811\/revisions\/3813"}],"wp:featuredmedia":[{"embeddable":true,"href":"https:\/\/haberbesiktas.tr\/index.php?rest_route=\/wp\/v2\/media\/3812"}],"wp:attachment":[{"href":"https:\/\/haberbesiktas.tr\/index.php?rest_route=%2Fwp%2Fv2%2Fmedia&parent=3811"}],"wp:term":[{"taxonomy":"category","embeddable":true,"href":"https:\/\/haberbesiktas.tr\/index.php?rest_route=%2Fwp%2Fv2%2Fcategories&post=3811"},{"taxonomy":"post_tag","embeddable":true,"href":"https:\/\/haberbesiktas.tr\/index.php?rest_route=%2Fwp%2Fv2%2Ftags&post=3811"}],"curies":[{"name":"wp","href":"https:\/\/api.w.org\/{rel}","templated":true}]}}