{"id":38118,"date":"2025-06-16T06:00:08","date_gmt":"2025-06-16T06:00:08","guid":{"rendered":"https:\/\/haberbesiktas.tr\/?p=38118"},"modified":"2025-06-16T06:00:08","modified_gmt":"2025-06-16T06:00:08","slug":"semih-kilicsoya-iki-mac-men-cezasi","status":"publish","type":"post","link":"https:\/\/haberbesiktas.tr\/?p=38118","title":{"rendered":"Semih K\u0131l\u0131\u00e7soy&#8217;a iki ma\u00e7 men cezas\u0131!"},"content":{"rendered":"<div>T\u00fcrkiye Futbol Federasyonu Profesyonel Disiplin Kurulu, Tahkim \u015euras\u0131 kararlar\u0131n\u0131 a\u00e7\u0131klad\u0131.<\/p>\n<p> TFF, Be\u015fikta\u015f&#8217;a 4 milyon 502 bin lira para cezas\u0131, 9 trib\u00fcn kapatma, Serdal Adal\u0131&#8217;ya 45 g\u00fcn hak mahrumiyeti ve semih K\u0131l\u0131\u00e7soy&#8217;a 2 ma\u00e7 men verdi.<\/p>\n<p>\u0130\u015fte yap\u0131lan a\u00e7\u0131klama;<\/p>\n<p> BE\u015e\u0130KTA\u015e A.\u015e.&#8217;nin, 26.03.2025 tarihinde Kul\u00fcp resmi toplumsal medya hesab\u0131ndan (YouTube) yay\u0131nlanan beyanlarda yer alan Futbolun ve Kurumlar\u0131n Prestijini Zedelemeye Y\u00f6nelik A\u00e7\u0131klamalar nedeniyle FDT&#8217;nin 38\/1-b unsuru uyar\u0131nca s\u00fcbut istikametinden oybirli\u011fi, sonu\u00e7 ceza istikametinden oy\u00e7oklu\u011fu ile 2.000.000.-TL PARA CEZASI ile cezaland\u0131r\u0131lmas\u0131na, (oy\u00e7oklu\u011fu) BE\u015e\u0130KTA\u015e A.\u015e. Ba\u015fkan\u0131 SERDAL ADALI&#8217;n\u0131n, 26.03.2025 tarihinde Kul\u00fcp resmi toplumsal medya hesab\u0131ndan (YouTube) yay\u0131nlanan beyanlar\u0131nda yer alan Futbolun ve Kurumlar\u0131n Prestijini Zedelemeye Y\u00f6nelik A\u00e7\u0131klamalar\u0131 nedeniyle FDT&#8217;nin 38\/1-a hususu uyar\u0131nca s\u00fcbut taraf\u0131ndan oybirli\u011fi, sonu\u00e7 ceza taraf\u0131ndan oy\u00e7oklu\u011fu ile 45 G\u00dcN HAK MAHRUM\u0130YET\u0130 ve 1.500.000.-TL PARA CEZASI ile cezaland\u0131r\u0131lmas\u0131na, (oy\u00e7oklu\u011fu)<\/p>\n<p> BE\u015e\u0130KTA\u015e A.\u015e.&#8217;nin, 29.03.2025 tarihinde oynanan BE\u015e\u0130KTA\u015e A.\u015e. &#8211; GALATASARAY A.\u015e. Trendyol S\u00fcper Lig \u015eamil Ekinci D\u00f6nemi kar\u015f\u0131la\u015fmas\u0131nda, taraftarlar\u0131n\u0131n neden oldu\u011fu berbat ve berbat tezah\u00fcrat nedeniyle ve bu aksiyonun birebir d\u00f6nem i\u00e7inde konut sahibi kul\u00fcp oldu\u011fu kar\u015f\u0131la\u015fmada 4. kere ger\u00e7ekle\u015ftirilmesinden \u00f6t\u00fcr\u00fc FDT&#8217;nin 53\/2. hususu uyar\u0131nca 750.000.-TL PARA CEZASI ile cezaland\u0131r\u0131lmas\u0131na, FDT&#8217;nin 53\/3. unsuru uyar\u0131nca yak\u0131\u015f\u0131ks\u0131z ve berbat tezah\u00fcratta bulunan DO\u011eU ALT TR\u0130B\u00dcN 115-116, KUZEY \u00dcST TR\u0130B\u00dcN 408, G\u00dcNEY ALT TR\u0130B\u00dcN 121-122, KUZEY ALT TR\u0130B\u00dcN 108-109, DO\u011eU \u00dcST TR\u0130B\u00dcN 415-416 numaral\u0131 bloklarda yer alan seyircilerin elektronik bilet kapsam\u0131ndaki kartlar\u0131n\u0131n bloke edilmesi suretiyle bir sonraki mesken sahibi kul\u00fcp oldu\u011fu kar\u015f\u0131la\u015fmaya giri\u015flerinin engellenmesine, T\u0131pk\u0131 kar\u015f\u0131la\u015fmada BE\u015e\u0130KTA\u015e A.\u015e.&#8217;nin, taraftarlar\u0131n\u0131n neden oldu\u011fu saha olaylar\u0131 nedeniyle FDT&#8217;nin 52\/2. ve 46\/1. hususlar\u0131 uyar\u0131nca 252.000.-TL PARA CEZASI ile cezaland\u0131r\u0131lmas\u0131na,<\/p>\n<p> Birebir kar\u015f\u0131la\u015fmada BE\u015e\u0130KTA\u015e A.\u015e. sportmeni SEM\u0130H KILI\u00c7SOY&#8217;un, rakip ekip atletine y\u00f6nelik \u00f6nemli faul\u00fc nedeniyle FDT&#8217;nin 43. hususu uyar\u0131nca 2 RESM\u0130 KAR\u015eILA\u015eMADAN MEN CEZASI ile cezaland\u0131r\u0131lmas\u0131na&#8221; karar verilmi\u015ftir.<\/p>\n<\/div>\n","protected":false},"excerpt":{"rendered":"<p>TFF, Be\u015fikta\u015f&#8217;a 4 milyon 502 bin lira para cezas\u0131, 9 trib\u00fcn kapatma, Serdal Adal\u0131&#8217;ya 45 g\u00fcn hak mahrumiyeti ve semih K\u0131l\u0131\u00e7soy&#8217;a 2 ma\u00e7 men verdi.<\/p>\n","protected":false},"author":1,"featured_media":38119,"comment_status":"open","ping_status":"open","sticky":false,"template":"","format":"standard","meta":{"footnotes":""},"categories":[25],"tags":[2968,505,157,123],"class_list":["post-38118","post","type-post","status-publish","format-standard","has-post-thumbnail","hentry","category-futbol","tag-besiktas-a-s","tag-ceza","tag-para","tag-tribun"],"_links":{"self":[{"href":"https:\/\/haberbesiktas.tr\/index.php?rest_route=\/wp\/v2\/posts\/38118","targetHints":{"allow":["GET"]}}],"collection":[{"href":"https:\/\/haberbesiktas.tr\/index.php?rest_route=\/wp\/v2\/posts"}],"about":[{"href":"https:\/\/haberbesiktas.tr\/index.php?rest_route=\/wp\/v2\/types\/post"}],"author":[{"embeddable":true,"href":"https:\/\/haberbesiktas.tr\/index.php?rest_route=\/wp\/v2\/users\/1"}],"replies":[{"embeddable":true,"href":"https:\/\/haberbesiktas.tr\/index.php?rest_route=%2Fwp%2Fv2%2Fcomments&post=38118"}],"version-history":[{"count":1,"href":"https:\/\/haberbesiktas.tr\/index.php?rest_route=\/wp\/v2\/posts\/38118\/revisions"}],"predecessor-version":[{"id":38120,"href":"https:\/\/haberbesiktas.tr\/index.php?rest_route=\/wp\/v2\/posts\/38118\/revisions\/38120"}],"wp:featuredmedia":[{"embeddable":true,"href":"https:\/\/haberbesiktas.tr\/index.php?rest_route=\/wp\/v2\/media\/38119"}],"wp:attachment":[{"href":"https:\/\/haberbesiktas.tr\/index.php?rest_route=%2Fwp%2Fv2%2Fmedia&parent=38118"}],"wp:term":[{"taxonomy":"category","embeddable":true,"href":"https:\/\/haberbesiktas.tr\/index.php?rest_route=%2Fwp%2Fv2%2Fcategories&post=38118"},{"taxonomy":"post_tag","embeddable":true,"href":"https:\/\/haberbesiktas.tr\/index.php?rest_route=%2Fwp%2Fv2%2Ftags&post=38118"}],"curies":[{"name":"wp","href":"https:\/\/api.w.org\/{rel}","templated":true}]}}