{"id":38136,"date":"2025-06-16T07:12:10","date_gmt":"2025-06-16T07:12:10","guid":{"rendered":"https:\/\/haberbesiktas.tr\/?p=38136"},"modified":"2025-06-16T07:12:10","modified_gmt":"2025-06-16T07:12:10","slug":"alp-aksoy-fia-avrupa-sampiyonasinda-sezonun-ilk-yarisina-cikiyor","status":"publish","type":"post","link":"https:\/\/haberbesiktas.tr\/?p=38136","title":{"rendered":"Alp Aksoy, FIA Avrupa \u015eampiyonas\u0131&#8217;nda sezonun ilk yar\u0131\u015f\u0131na \u00e7\u0131k\u0131yor"},"content":{"rendered":"<p>T\u00fcrkiye&#8217;nin gen\u00e7 ulusal atletleri ortas\u0131nda olan Alp Aksoy, 2025 d\u00f6neminde ge\u00e7ti\u011fimiz sene de yar\u0131\u015ft\u0131\u011f\u0131 FIA Avrupa \u015eampiyonas\u0131&#8217;nda m\u00fcsabakaya haz\u0131rlan\u0131yor. Aksoy, 3-6 Nisan tarihleri ortas\u0131nda Prema Racing ekibi ile \u0130spanya&#8217;da yar\u0131\u015facak.<\/p>\n<p> 2024 y\u0131l\u0131nda bir\u00e7ok farkl\u0131 seride k\u0131ymetli ba\u015far\u0131lar\u0131na imza atan gen\u00e7 pilot, 2025&#8217;te geli\u015fim serilerinin en d\u00fczg\u00fcn ekiplerinden olan Prema Racing ile anla\u015ft\u0131. Yeni y\u0131la s\u00fcratli bir giri\u015f yapan Aksoy, serideki birinci yar\u0131\u015f\u0131na bu hafta sonu \u0130spanya&#8217;daki Campillos International Karting Pisti&#8217;nde \u00e7\u0131k\u0131yor. Aksoy, seride OK kategorisinde yar\u0131\u015f\u0131yor.<\/p>\n<p> Alp Aksoy, WSK \u00dcst\u00fcn Serisi&#8217;nde y\u00fckselen ivmesiyle isminden kelam ettirirken Champions of The Future Serisi ile birlikte FIA Avrupa \u015eampiyonas\u0131&#8217;nda da yar\u0131\u015farak muvaffakiyetini peki\u015ftirmeyi planl\u0131yor.<\/p>\n<p> <strong>ALP AKSOY, B\u0130R\u0130NC\u0130 YARI\u015eINA \u0130SPANYA&#8217;DA \u00c7IKACAK<\/strong><\/p>\n<p> D\u00fcnyan\u0131n d\u00f6rt bir yan\u0131ndan gen\u00e7 yeteneklerin yar\u0131\u015ft\u0131\u011f\u0131 seride pilotlar, podyum gayreti i\u00e7in k\u0131yas\u0131ya rekabet edecek.<\/p>\n<p> Yar\u0131\u015f haftas\u0131 ile ilgili gen\u00e7 pilot, <strong>&#8220;Bu hafta FIA Avrupa \u015eampiyonas\u0131&#8217;nda yar\u0131\u015f f\u0131rsat\u0131m olacak ve sahiden \u00e7ok heyecanl\u0131y\u0131m! Bu d\u00f6nem maksad\u0131m her vakit en g\u00fczel halde gayret etmek ve podyumda yer almak. T\u00fcm grubumun takviyesi ve s\u0131k\u0131 \u00e7al\u0131\u015fmalar\u0131yla bu yar\u0131\u015fa epey haz\u0131r hissediyorum. Her bir idmanda daha d\u00fczg\u00fcne gitmek, her virajda hudutlar\u0131 zorlamak ve en g\u00fczel vakti elde etmek i\u00e7in elimden geleni yapt\u0131m. Art\u0131k s\u0131ra, bu emeklerin kar\u015f\u0131l\u0131\u011f\u0131n\u0131 al\u0131p podyumda yer almakta&#8221;<\/strong> dedi.<\/p>\n","protected":false},"excerpt":{"rendered":"<p>Alp Aksoy, FIA Avrupa \u015eampiyonas\u0131&#8217;nda d\u00f6nemin birinci yar\u0131\u015f\u0131na \u0130spanya&#8217;da \u00e7\u0131kacak.<\/p>\n","protected":false},"author":1,"featured_media":38137,"comment_status":"open","ping_status":"open","sticky":false,"template":"","format":"standard","meta":{"footnotes":""},"categories":[27],"tags":[1657,88],"class_list":["post-38136","post","type-post","status-publish","format-standard","has-post-thumbnail","hentry","category-guncel-haberler","tag-aksoy","tag-yaris"],"_links":{"self":[{"href":"https:\/\/haberbesiktas.tr\/index.php?rest_route=\/wp\/v2\/posts\/38136","targetHints":{"allow":["GET"]}}],"collection":[{"href":"https:\/\/haberbesiktas.tr\/index.php?rest_route=\/wp\/v2\/posts"}],"about":[{"href":"https:\/\/haberbesiktas.tr\/index.php?rest_route=\/wp\/v2\/types\/post"}],"author":[{"embeddable":true,"href":"https:\/\/haberbesiktas.tr\/index.php?rest_route=\/wp\/v2\/users\/1"}],"replies":[{"embeddable":true,"href":"https:\/\/haberbesiktas.tr\/index.php?rest_route=%2Fwp%2Fv2%2Fcomments&post=38136"}],"version-history":[{"count":1,"href":"https:\/\/haberbesiktas.tr\/index.php?rest_route=\/wp\/v2\/posts\/38136\/revisions"}],"predecessor-version":[{"id":38138,"href":"https:\/\/haberbesiktas.tr\/index.php?rest_route=\/wp\/v2\/posts\/38136\/revisions\/38138"}],"wp:featuredmedia":[{"embeddable":true,"href":"https:\/\/haberbesiktas.tr\/index.php?rest_route=\/wp\/v2\/media\/38137"}],"wp:attachment":[{"href":"https:\/\/haberbesiktas.tr\/index.php?rest_route=%2Fwp%2Fv2%2Fmedia&parent=38136"}],"wp:term":[{"taxonomy":"category","embeddable":true,"href":"https:\/\/haberbesiktas.tr\/index.php?rest_route=%2Fwp%2Fv2%2Fcategories&post=38136"},{"taxonomy":"post_tag","embeddable":true,"href":"https:\/\/haberbesiktas.tr\/index.php?rest_route=%2Fwp%2Fv2%2Ftags&post=38136"}],"curies":[{"name":"wp","href":"https:\/\/api.w.org\/{rel}","templated":true}]}}