{"id":38139,"date":"2025-06-16T07:24:08","date_gmt":"2025-06-16T07:24:08","guid":{"rendered":"https:\/\/haberbesiktas.tr\/?p=38139"},"modified":"2025-06-16T07:24:08","modified_gmt":"2025-06-16T07:24:08","slug":"koray-gunter-avrupa-hayalimiz-var","status":"publish","type":"post","link":"https:\/\/haberbesiktas.tr\/?p=38139","title":{"rendered":"Koray G\u00fcnter: &#8220;Avrupa hayalimiz var&#8221;"},"content":{"rendered":"<div>G\u00f6ztepe, Ziraat T\u00fcrkiye Kupas\u0131 \u00c7eyrek Final ma\u00e7\u0131nda deplasmanda kar\u015f\u0131la\u015ft\u0131\u011f\u0131 Be\u015fikta\u015f&#8217;\u0131 3-1 ma\u011flup ederek yar\u0131 finale y\u00fckseldi.<\/p>\n<p> Gayretin akabinde G\u00f6ztepe formas\u0131 giyen Koray G\u00fcnter bas\u0131n mensuplar\u0131na a\u00e7\u0131klamalarda bulundu. <\/p>\n<p>Avrupa hayallerinin oldu\u011funu s\u00f6yleyen Koray G\u00fcnter,<strong> &#8220;Bizim i\u00e7in \u00e7ok de\u011ferli bir galibiyet. Avrupa hayalimiz var. Her iki potada da bunu ba\u015farmaya \u00e7al\u0131\u015f\u0131yoruz. En k\u0131sa yolun kupa oldu\u011funu biliyoruz. Kupaya da odaklanmak istedik. Bug\u00fcn \u00e7ok g\u00fc\u00e7l\u00fc bir gayretti. K\u0131rm\u0131z\u0131 karta kadar durum \u00fcretmeye zorland\u0131k. Be\u015fikta\u015f \u00e2l\u00e2 bir u\u011fra\u015f g\u00f6sterdi. \u00c7ok \u00fcst seviye kaliteli oyuncular\u0131 var. K\u0131rm\u0131z\u0131 karttan sonra oyun bizim taraf\u0131m\u0131za d\u00f6nd\u00fc. Talihimize k\u0131rm\u0131z\u0131 kart durumuyla gol\u00fc bulduk. Gol\u00fc o kadar erken bulamasak zorlan\u0131rd\u0131k biraz. \u0130kinci yar\u0131da da kolay oynad\u0131k. Bask\u0131 kurmaya \u00e7al\u0131\u015ft\u0131k. Bunu ba\u015farabildik. Fakat yeniden de ikinci gol\u00fc biraz ge\u00e7 bulduk. Kadrom ismine gurur duyuyorum. Burada rakip 10 ki\u015fi olsa da kazanaca\u011f\u0131n\u0131z\u0131n garantisi yok. Kupa tek ma\u00e7. Bug\u00fcn memnunuz. Yar\u0131ndan itibaren \u00f6n\u00fcm\u00fczdeki ma\u00e7\u0131 d\u00fc\u015f\u00fcnece\u011fiz&#8221;<\/strong> halinde konu\u015ftu.<\/p>\n<p> <strong>&#8216;MA\u00c7 MA\u00c7 G\u0130DEL\u0130M&#8217;<\/strong><\/p>\n<p> Yar\u0131 finalde Trabzonspor ile kar\u015f\u0131la\u015facak olmalar\u0131 hakk\u0131nda konu\u015fan Koray G\u00fcnter, <strong>&#8220;Trabzon&#8217;dan daha ge\u00e7en hafta geldik. D\u00fcn biz de o \u00e7abay\u0131 takip ettik. Rakibimiz bu saatten sonra kim olursa olsun kazanmak istiyoruz. \u00d6n\u00fcm\u00fczdeki t\u0131pta da elimizden geleni yapar\u0131z. Oraya biraz daha var. Art\u0131k \u00e7ok fazla d\u00fc\u015f\u00fcnmeyelim. Ma\u00e7 ma\u00e7 gidelim. S\u0131ra Trabzon&#8217;a geldi\u011finde onu da de\u011ferlendiririz&#8221;<\/strong> diyerek kelamlar\u0131n\u0131 noktalad\u0131.<\/p>\n<\/div>\n","protected":false},"excerpt":{"rendered":"<p>Ziraat T\u00fcrkiye Kupas\u0131 \u00e7eyrek final e\u015fle\u015fmesinde G\u00f6ztepe, konuk oldu\u011fu Be\u015fikta\u015f&#8217;\u0131 3-1 ma\u011flup etti. M\u00fcsabakan\u0131n akabinde G\u00f6ztepe futbolcusu Koray G\u00fcnter, a\u00e7\u0131klamalarda bulundu.<\/p>\n","protected":false},"author":1,"featured_media":38140,"comment_status":"open","ping_status":"open","sticky":false,"template":"","format":"standard","meta":{"footnotes":""},"categories":[25],"tags":[50],"class_list":["post-38139","post","type-post","status-publish","format-standard","has-post-thumbnail","hentry","category-futbol","tag-mac"],"_links":{"self":[{"href":"https:\/\/haberbesiktas.tr\/index.php?rest_route=\/wp\/v2\/posts\/38139","targetHints":{"allow":["GET"]}}],"collection":[{"href":"https:\/\/haberbesiktas.tr\/index.php?rest_route=\/wp\/v2\/posts"}],"about":[{"href":"https:\/\/haberbesiktas.tr\/index.php?rest_route=\/wp\/v2\/types\/post"}],"author":[{"embeddable":true,"href":"https:\/\/haberbesiktas.tr\/index.php?rest_route=\/wp\/v2\/users\/1"}],"replies":[{"embeddable":true,"href":"https:\/\/haberbesiktas.tr\/index.php?rest_route=%2Fwp%2Fv2%2Fcomments&post=38139"}],"version-history":[{"count":1,"href":"https:\/\/haberbesiktas.tr\/index.php?rest_route=\/wp\/v2\/posts\/38139\/revisions"}],"predecessor-version":[{"id":38141,"href":"https:\/\/haberbesiktas.tr\/index.php?rest_route=\/wp\/v2\/posts\/38139\/revisions\/38141"}],"wp:featuredmedia":[{"embeddable":true,"href":"https:\/\/haberbesiktas.tr\/index.php?rest_route=\/wp\/v2\/media\/38140"}],"wp:attachment":[{"href":"https:\/\/haberbesiktas.tr\/index.php?rest_route=%2Fwp%2Fv2%2Fmedia&parent=38139"}],"wp:term":[{"taxonomy":"category","embeddable":true,"href":"https:\/\/haberbesiktas.tr\/index.php?rest_route=%2Fwp%2Fv2%2Fcategories&post=38139"},{"taxonomy":"post_tag","embeddable":true,"href":"https:\/\/haberbesiktas.tr\/index.php?rest_route=%2Fwp%2Fv2%2Ftags&post=38139"}],"curies":[{"name":"wp","href":"https:\/\/api.w.org\/{rel}","templated":true}]}}