{"id":3817,"date":"2025-01-15T14:54:53","date_gmt":"2025-01-15T14:54:53","guid":{"rendered":"https:\/\/haberbesiktas.tr\/?p=3817"},"modified":"2025-01-15T14:54:53","modified_gmt":"2025-01-15T14:54:53","slug":"ugurcan-cakir-ben-o-takima-imza-atmam","status":"publish","type":"post","link":"https:\/\/haberbesiktas.tr\/?p=3817","title":{"rendered":"U\u011furcan \u00c7ak\u0131r: &#8220;Ben o tak\u0131ma imza atmam&#8221;"},"content":{"rendered":"<div>Trabzonspor formas\u0131 giyen U\u011furcan \u00c7ak\u0131r, Frans\u0131z tak\u0131m\u0131 Lens&#8217;e kap\u0131y\u0131 kapatt\u0131.<\/p>\n<p> 61 Saat&#8217;te yer alan habere nazaran, Trabzon&#8217;da 10 Ocak D\u00fcnya \u00c7al\u0131\u015fan Gazeteciler G\u00fcn\u00fc i\u00e7in aktiflik d\u00fczenlendi.<\/p>\n<p> Trabzonspor kaptan\u0131 U\u011furcan \u00c7ak\u0131r, kat\u0131ld\u0131\u011f\u0131 bu aktiflikte Lens arg\u00fcmanlar\u0131yla ilgili gelen soruya yan\u0131t verdi. U\u011furcan \u00c7ak\u0131r, <strong>&#8220;Benim \u00fczerime \u00e7arp\u0131 atan kul\u00fcbe gitmem.&#8221;<\/strong> diyerek Frans\u0131z grubuna kap\u0131lar\u0131 kapatt\u0131.<\/p>\n<p><img decoding=\"async\" src=\"https:\/\/haberbesiktas.tr\/wp-content\/uploads\/2025\/01\/ugurcan-cakir-ben-o-takima-imza-atmam-0-23Lzf2R8.jpg\"\/><\/p>\n<p> <strong>NELER YA\u015eANDI?<\/strong><\/p>\n<p> Kaleci transferi yapmak isteyen Lens, Marsilya&#8217;dan Pau Lopez&#8217;i d\u00f6nem sonuna kadar kiralam\u0131\u015ft\u0131.<\/p>\n<p> Lopez, Frans\u0131z grubunun formas\u0131yla poz verdi ve transfer a\u00e7\u0131kland\u0131. Fakat daha sonra Girona, \u0130spanyol kalecinin (Pau Lopez, d\u00f6nemin birinci yar\u0131s\u0131nda Marsilya&#8217;dan Girona&#8217;ya kiralanm\u0131\u015ft\u0131.) transferine iptal etti.<\/p>\n<p> Lens, Lopez i\u00e7in transfer duyurusunu Squid Game temal\u0131 bir g\u00f6r\u00fcnt\u00fc ile yapm\u0131\u015ft\u0131. Frans\u0131z tak\u0131m\u0131n\u0131n kulland\u0131\u011f\u0131 g\u00f6r\u00fcnt\u00fcde, kaleci haberlerine g\u00f6nderme yap\u0131l\u0131rken U\u011furcan \u00c7ak\u0131r da yer alm\u0131\u015f ve ulusal futbolcunun \u00fczerine \u00e7arp\u0131 at\u0131lm\u0131\u015ft\u0131.<\/p>\n<p> <strong>GIRONA&#8217;DAN A\u00c7IKLAMA<\/strong><\/p>\n<p> Girona Teknik Y\u00f6neticisi Michel, Pau Lopez ile ilgili yapt\u0131\u011f\u0131 a\u00e7\u0131klamada, &#8220;<strong>Pau Lopez, s\u0131hhat denetiminden ge\u00e7mek i\u00e7in m\u00fcsaade istedi. Biz de m\u00fcsaade verdik ancak \u00f6b\u00fcr bir \u015fey yapmad\u0131k. Kul\u00fcp, yan\u0131t\u0131m\u0131 sordu\u011funda ise kalmas\u0131n\u0131 istedi\u011fimi s\u00f6yledim zira kul\u00fcb\u00fcn geli\u015fmeye muhta\u00e7l\u0131\u011f\u0131 oldu\u011funu d\u00fc\u015f\u00fcn\u00fcyorum. Pau Lopez de grubu daha d\u00fczg\u00fcn yapan, m\u00fckemmel bir oyuncu.&#8221;<\/strong> kelamlar\u0131n\u0131 sarf etti.<\/p>\n<\/div>\n","protected":false},"excerpt":{"rendered":"<p>Trabzonspor formas\u0131 giyen U\u011furcan \u00c7ak\u0131r, kendisiyle ilgilenen Lens&#8217;e transfer olmak istemiyor.<\/p>\n","protected":false},"author":1,"featured_media":3818,"comment_status":"open","ping_status":"open","sticky":false,"template":"","format":"standard","meta":{"footnotes":""},"categories":[25],"tags":[519],"class_list":["post-3817","post","type-post","status-publish","format-standard","has-post-thumbnail","hentry","category-futbol","tag-pau-lopez"],"_links":{"self":[{"href":"https:\/\/haberbesiktas.tr\/index.php?rest_route=\/wp\/v2\/posts\/3817","targetHints":{"allow":["GET"]}}],"collection":[{"href":"https:\/\/haberbesiktas.tr\/index.php?rest_route=\/wp\/v2\/posts"}],"about":[{"href":"https:\/\/haberbesiktas.tr\/index.php?rest_route=\/wp\/v2\/types\/post"}],"author":[{"embeddable":true,"href":"https:\/\/haberbesiktas.tr\/index.php?rest_route=\/wp\/v2\/users\/1"}],"replies":[{"embeddable":true,"href":"https:\/\/haberbesiktas.tr\/index.php?rest_route=%2Fwp%2Fv2%2Fcomments&post=3817"}],"version-history":[{"count":1,"href":"https:\/\/haberbesiktas.tr\/index.php?rest_route=\/wp\/v2\/posts\/3817\/revisions"}],"predecessor-version":[{"id":3820,"href":"https:\/\/haberbesiktas.tr\/index.php?rest_route=\/wp\/v2\/posts\/3817\/revisions\/3820"}],"wp:featuredmedia":[{"embeddable":true,"href":"https:\/\/haberbesiktas.tr\/index.php?rest_route=\/wp\/v2\/media\/3818"}],"wp:attachment":[{"href":"https:\/\/haberbesiktas.tr\/index.php?rest_route=%2Fwp%2Fv2%2Fmedia&parent=3817"}],"wp:term":[{"taxonomy":"category","embeddable":true,"href":"https:\/\/haberbesiktas.tr\/index.php?rest_route=%2Fwp%2Fv2%2Fcategories&post=3817"},{"taxonomy":"post_tag","embeddable":true,"href":"https:\/\/haberbesiktas.tr\/index.php?rest_route=%2Fwp%2Fv2%2Ftags&post=3817"}],"curies":[{"name":"wp","href":"https:\/\/api.w.org\/{rel}","templated":true}]}}