{"id":38201,"date":"2025-06-16T11:24:16","date_gmt":"2025-06-16T11:24:16","guid":{"rendered":"https:\/\/haberbesiktas.tr\/?p=38201"},"modified":"2025-06-16T11:24:16","modified_gmt":"2025-06-16T11:24:16","slug":"derbi-sonrasi-olasi-ceza-senaryolari","status":"publish","type":"post","link":"https:\/\/haberbesiktas.tr\/?p=38201","title":{"rendered":"Derbi sonras\u0131 olas\u0131 ceza senaryolar\u0131"},"content":{"rendered":"<div>\n<div> Derbi sonras\u0131 ya\u015fanan olaylar T\u00fcrkiye g\u00fcndemine otururken g\u00f6zler verilecek cezalara \u00e7evrildi. Fenerbah\u00e7e&#8217;de Okan Buruk&#8217;un burnunu s\u0131kan Jose Mourinho&#8217;nun haricinde Fred&#8217;in de 3-7 ma\u00e7 ortas\u0131 ceza almas\u0131 bekleniyor.<\/p>\n<p> Fenerbah\u00e7e idaresi, Teknik Y\u00f6netici Jose Mourinho&#8217;nun Galatasaray Teknik Y\u00f6neticisi Okan Buruk&#8217;un burnunu s\u0131kmas\u0131n\u0131 mutlaka onaylam\u0131yor. Sar\u0131-lacivertliler, Portekizli teknik adam\u0131n hareketine kar\u015f\u0131 rahats\u0131zl\u0131klar\u0131n\u0131 a\u00e7\u0131k\u00e7a lisana getirirken, TFF temsilcilerinin ma\u00e7taki olaylar\u0131 tek tarafl\u0131 rapor etmelerine de ate\u015f p\u00fcsk\u00fcr\u00fcyor. Burun s\u0131kma olay\u0131yla ilgili verilecek ya da verilmeyecek cezalar olay \u00e7\u0131karabilir.<\/p>\n<p> <span><strong>OLAYLARI BA\u015eLATAN S\u00d6Z<\/strong><\/span><\/p>\n<p> Sar\u0131-lacivertli idare, Portekizli hocan\u0131n burun s\u0131kma hareketini Okan Buruk&#8217;un hakemlere &#8220;Onu dinlemeyin, kusursuz ma\u00e7 y\u00f6nettiniz&#8221; dedikten sonra Mourinho&#8217;ya &#8220;Shut up, f.ck you&#8221; diye k\u00fcfretti\u011fi i\u00e7in yapt\u0131\u011f\u0131 g\u00f6r\u00fc\u015f\u00fcnde. Lakin bu tabirler, TFF temsilci raporlar\u0131nda yer almad\u0131. F.Bah\u00e7e hukuk\u00e7ular\u0131, Okan Buruk&#8217;un temsilci raporlar\u0131na girmemesi hasebiyle PFDK&#8217;ya sevk edilmeyecek olmas\u0131na reaksiyonlu.<\/p>\n<p> <span><strong>YARALAMA YOK A\u011eIR TAHR\u0130K VAR<\/strong><\/span><\/p>\n<p> Burun s\u0131kma hareketi F.Bah\u00e7e hukuk\u00e7ular\u0131na nazaran; yaralay\u0131c\u0131 ya da bunu hedefler nitelikte olmad\u0131\u011f\u0131 i\u00e7in Mourinho &#8216;Sald\u0131r\u0131&#8217; de\u011fil, &#8216;Sportmenli\u011fe muhalif hareket&#8217; nedeniyle 1-3 ma\u00e7 ceza almal\u0131. Futbol Disiplin Talimat\u0131&#8217;n\u0131n tahrik indirimi unsuru do\u011frultusunda Mourinho&#8217;nun cezas\u0131 \u00fc\u00e7te bir oran\u0131nda indirilebilir. Bu durumda Portekizli Hoca, 4 ma\u00e7\u0131n alt\u0131nda ceza alacak ve ald\u0131\u011f\u0131 cezay\u0131 da ligde de\u011fil, T\u00fcrkiye Kupas\u0131&#8217;nda \u00e7ekecek.<\/p>\n<p> <span><strong>\u0130\u015eTE FRED&#8217;\u0130 YAKAN S\u00d6ZLER<\/strong><\/span><\/p>\n<p> TFF raporlar\u0131nda Fred&#8217;in t\u00fcnel i\u00e7erisinde ve fuaye alan\u0131 boyunca sa\u011f el i\u015faret parma\u011f\u0131n\u0131 hakem Cihan Ayd\u0131n&#8217;a hakikat sallayarak, 4-5 kere &#8216;You are shit, you are disgusting&#8217; (B.ktans\u0131n, i\u011fren\u00e7sin) dedi\u011fi yer ald\u0131. Ayd\u0131n, Fred&#8217;e k\u0131rm\u0131z\u0131 kart g\u00f6sterdi. Brezilyal\u0131 oyuncunun 3 ila 7 ma\u00e7 ortas\u0131 ceza almas\u0131 bekleniyor.<\/p><\/div>\n<\/div>\n","protected":false},"excerpt":{"rendered":"<p>Fenerbah\u00e7e-Galatasaray derbisinde ya\u015fanan olaylar\u0131n yank\u0131lar\u0131 s\u00fcr\u00fcyor. Ma\u00e7\u0131n en a\u011f\u0131r faturas\u0131, ma\u00e7 sonunda k\u00fcfretti\u011fi tespit edilen Fred&#8217;e kesilebilir.<\/p>\n","protected":false},"author":1,"featured_media":38202,"comment_status":"open","ping_status":"open","sticky":false,"template":"","format":"standard","meta":{"footnotes":""},"categories":[25],"tags":[505,50,704,686],"class_list":["post-38201","post","type-post","status-publish","format-standard","has-post-thumbnail","hentry","category-futbol","tag-ceza","tag-mac","tag-mourinho","tag-olay"],"_links":{"self":[{"href":"https:\/\/haberbesiktas.tr\/index.php?rest_route=\/wp\/v2\/posts\/38201","targetHints":{"allow":["GET"]}}],"collection":[{"href":"https:\/\/haberbesiktas.tr\/index.php?rest_route=\/wp\/v2\/posts"}],"about":[{"href":"https:\/\/haberbesiktas.tr\/index.php?rest_route=\/wp\/v2\/types\/post"}],"author":[{"embeddable":true,"href":"https:\/\/haberbesiktas.tr\/index.php?rest_route=\/wp\/v2\/users\/1"}],"replies":[{"embeddable":true,"href":"https:\/\/haberbesiktas.tr\/index.php?rest_route=%2Fwp%2Fv2%2Fcomments&post=38201"}],"version-history":[{"count":1,"href":"https:\/\/haberbesiktas.tr\/index.php?rest_route=\/wp\/v2\/posts\/38201\/revisions"}],"predecessor-version":[{"id":38203,"href":"https:\/\/haberbesiktas.tr\/index.php?rest_route=\/wp\/v2\/posts\/38201\/revisions\/38203"}],"wp:featuredmedia":[{"embeddable":true,"href":"https:\/\/haberbesiktas.tr\/index.php?rest_route=\/wp\/v2\/media\/38202"}],"wp:attachment":[{"href":"https:\/\/haberbesiktas.tr\/index.php?rest_route=%2Fwp%2Fv2%2Fmedia&parent=38201"}],"wp:term":[{"taxonomy":"category","embeddable":true,"href":"https:\/\/haberbesiktas.tr\/index.php?rest_route=%2Fwp%2Fv2%2Fcategories&post=38201"},{"taxonomy":"post_tag","embeddable":true,"href":"https:\/\/haberbesiktas.tr\/index.php?rest_route=%2Fwp%2Fv2%2Ftags&post=38201"}],"curies":[{"name":"wp","href":"https:\/\/api.w.org\/{rel}","templated":true}]}}