{"id":38204,"date":"2025-06-16T11:36:15","date_gmt":"2025-06-16T11:36:15","guid":{"rendered":"https:\/\/haberbesiktas.tr\/?p=38204"},"modified":"2025-06-16T11:36:15","modified_gmt":"2025-06-16T11:36:15","slug":"osimhen-ve-mourinhodan-hediye-alan-taraftara-besiktas-dur-dedi","status":"publish","type":"post","link":"https:\/\/haberbesiktas.tr\/?p=38204","title":{"rendered":"Osimhen ve Mourinho&#8217;dan hediye alan taraftara Be\u015fikta\u015f &#8216;dur&#8217; dedi!"},"content":{"rendered":"<p>Galatasaray-Antalyaspor ma\u00e7\u0131ndan sonra 3 g\u00fcvenlik g\u00f6revlisini a\u015farak Osimhen&#8217;e ula\u015fan ve b\u00fcy\u00fck bir heyecan ya\u015fayarak h\u0131rkas\u0131n\u0131 arma\u011fan alan taraftar T\u00fcrkiye g\u00fcndemine oturmu\u015ftu.<\/p>\n<p> <strong>OSIMHEN FORMASINI SATMI\u015eTI<\/strong><\/p>\n<p> Daha evvel Mourinho&#8217;nun da h\u0131rkas\u0131n\u0131 alan o taraftar s\u0131radaki maksad\u0131n\u0131n Rafa Silva oldu\u011funu a\u00e7\u0131klam\u0131\u015ft\u0131. Osimhen&#8217;den ald\u0131\u011f\u0131 h\u0131rkay\u0131 50 bin TL&#8217;ye satt\u0131\u011f\u0131n\u0131 s\u00f6yleyen ve S\u00f6zc\u00fc Instagram sayfas\u0131ndaki g\u00f6r\u00fcnt\u00fcs\u00fc ile milyonlara ula\u015fan o taraftar yeni gayesi i\u00e7in T\u00fcpra\u015f Stad\u0131&#8217;ndayd\u0131.<\/p>\n<p> <strong>YEN\u0130 MAKSAT RAFA&#8217;YDI<\/strong><\/p>\n<p> T\u00fcrkiye Kupas\u0131&#8217;nda G\u00f6ztepe&#8217;nin Be\u015fikta\u015f&#8217;\u0131 3-1 ma\u011flup etti\u011fi ma\u00e7a giden gen\u00e7 taraftar u\u011fra\u015f\u0131n akabinde siyah beyazl\u0131lar\u0131n soyunma odas\u0131na girmeye \u00e7al\u0131\u015ft\u0131.<\/p>\n<p> Rafa Silva&#8217;dan forma alma gayesi olan ve stada giren o taraftara g\u00fcvenlik vazifelileri mani olup d\u0131\u015far\u0131 \u00e7\u0131kard\u0131.<\/p>\n","protected":false},"excerpt":{"rendered":"<p>Victor Osimhen ve Jose Mourinho&#8217;dan ald\u0131\u011f\u0131 h\u0131rkalarla g\u00fcndeme gelen bir taraftar, bu kere de Be\u015fikta\u015f soyunma odas\u0131na girmeye \u00e7al\u0131\u015ft\u0131. Te\u015febb\u00fcs\u00fc ba\u015far\u0131s\u0131z olan o taraftar stadyum g\u00f6revlilerine yakalan\u0131nca d\u0131\u015far\u0131 \u00e7\u0131kar\u0131ld\u0131.<\/p>\n","protected":false},"author":1,"featured_media":38205,"comment_status":"open","ping_status":"open","sticky":false,"template":"","format":"standard","meta":{"footnotes":""},"categories":[25],"tags":[504],"class_list":["post-38204","post","type-post","status-publish","format-standard","has-post-thumbnail","hentry","category-futbol","tag-taraftar"],"_links":{"self":[{"href":"https:\/\/haberbesiktas.tr\/index.php?rest_route=\/wp\/v2\/posts\/38204","targetHints":{"allow":["GET"]}}],"collection":[{"href":"https:\/\/haberbesiktas.tr\/index.php?rest_route=\/wp\/v2\/posts"}],"about":[{"href":"https:\/\/haberbesiktas.tr\/index.php?rest_route=\/wp\/v2\/types\/post"}],"author":[{"embeddable":true,"href":"https:\/\/haberbesiktas.tr\/index.php?rest_route=\/wp\/v2\/users\/1"}],"replies":[{"embeddable":true,"href":"https:\/\/haberbesiktas.tr\/index.php?rest_route=%2Fwp%2Fv2%2Fcomments&post=38204"}],"version-history":[{"count":1,"href":"https:\/\/haberbesiktas.tr\/index.php?rest_route=\/wp\/v2\/posts\/38204\/revisions"}],"predecessor-version":[{"id":38206,"href":"https:\/\/haberbesiktas.tr\/index.php?rest_route=\/wp\/v2\/posts\/38204\/revisions\/38206"}],"wp:featuredmedia":[{"embeddable":true,"href":"https:\/\/haberbesiktas.tr\/index.php?rest_route=\/wp\/v2\/media\/38205"}],"wp:attachment":[{"href":"https:\/\/haberbesiktas.tr\/index.php?rest_route=%2Fwp%2Fv2%2Fmedia&parent=38204"}],"wp:term":[{"taxonomy":"category","embeddable":true,"href":"https:\/\/haberbesiktas.tr\/index.php?rest_route=%2Fwp%2Fv2%2Fcategories&post=38204"},{"taxonomy":"post_tag","embeddable":true,"href":"https:\/\/haberbesiktas.tr\/index.php?rest_route=%2Fwp%2Fv2%2Ftags&post=38204"}],"curies":[{"name":"wp","href":"https:\/\/api.w.org\/{rel}","templated":true}]}}