{"id":3821,"date":"2025-01-15T15:06:56","date_gmt":"2025-01-15T15:06:56","guid":{"rendered":"https:\/\/haberbesiktas.tr\/?p=3821"},"modified":"2025-01-15T15:06:56","modified_gmt":"2025-01-15T15:06:56","slug":"karsiyakada-yonetim-tescillendi-imza-yetkisi-pazartesi","status":"publish","type":"post","link":"https:\/\/haberbesiktas.tr\/?p=3821","title":{"rendered":"Kar\u015f\u0131yaka&#8217;da y\u00f6netim tescillendi, imza yetkisi pazartesi"},"content":{"rendered":"<div><span><span>\u0130zmir&#8217;in esasl\u0131 temsilcisi Kar\u015f\u0131yaka Spor Kul\u00fcb\u00fc&#8217;nde 24 Aral\u0131k&#8217;taki harikul\u00e2de kongrede son anda vazifeye gelerek kul\u00fcb\u00fcn kayyuma kalmas\u0131n\u0131n \u00f6nleyen yeni idare, 2.5 haftal\u0131k yetki krizini a\u015ft\u0131.<\/p>\n<p><\/span><\/span> Y\u00f6neticilerin isimli sicil kay\u0131tlar\u0131n\u0131 al\u0131p \u0130zmir Gen\u00e7lik Spor Vilayet M\u00fcd\u00fcrl\u00fc\u011f\u00fc&#8217;ne onaylatan ye\u015fil-k\u0131rm\u0131z\u0131l\u0131lar idaresi tescilletti. Kar\u015f\u0131yaka idaresi pazartesi g\u00fcn\u00fc noterden imza yetkisi \u00e7\u0131kartacak. \u0130mza yetkili y\u00f6neticiler yeni spor maddesiyle kul\u00fcb\u00fcn kamu bor\u00e7lar\u0131ndan ki\u015fisel olarak sorumlu tutulurken, Kaf-Kaf&#8217;ta imza yetkilerinin kimde olaca\u011f\u0131 ise \u015fimdi belirlenmedi.<\/p>\n<p> <strong>ERG\u00dcLL\u00dc DEVAM DED\u0130<\/strong><\/p>\n<p> Kar\u015f\u0131yaka&#8217;da kayyum tehlikesinin \u00f6n\u00fcne ge\u00e7mek i\u00e7in kongrede son anda tekrar vazife almay\u0131 kabul eden Lider \u0130lker Erg\u00fcll\u00fc&#8217;n\u00fcn kul\u00fcb\u00fcn i\u00e7inde oldu\u011fu kritik s\u00fcre\u00e7te istifa etme niyetini rafa kald\u0131rd\u0131\u011f\u0131 \u00f6\u011frenildi. Kongrede tekrar se\u00e7ilir se\u00e7ilmez basketbol kadrosunun geciken maa\u015f \u00f6demeleri nedeniyle k\u00f6\u015feye s\u0131k\u0131\u015fan, paralar son anda \u00f6denmesine kar\u015f\u0131n grubun da\u011f\u0131lmas\u0131, \u00fczerine yeni vergi borcu y\u00fcz\u00fcnden kendisi dahil y\u00f6neticilere \u00f6deme talimat\u0131 gelmesi, basket ve futbola acil kaynak gerekmesi \u00fczere kah\u0131rlar ortas\u0131nda misyonu b\u0131rakma noktas\u0131na gelen \u0130lker Erg\u00fcll\u00fc, karar\u0131ndan vazge\u00e7ti.<\/p>\n<p> Hafta i\u00e7inde futbol kadrosuyla da tesislerde toplant\u0131 yapan Erg\u00fcll\u00fc&#8217;n\u00fcn \u00f6ncelikle kul\u00fcbe sponsor bulup d\u00f6nem sonuna kadar meseleleri \u00e7\u00f6zmeyi hedefledi\u011fi belirtildi. Evvelki idaresi istifalarla d\u00fc\u015fen \u0130lker Erg\u00fcll\u00fc&#8217;n\u00fcn yakla\u015f\u0131k 1 y\u0131l ba\u015fkanl\u0131k yapt\u0131\u011f\u0131 Kar\u015f\u0131yaka&#8217;dan 61 milyon TL takipli alaca\u011f\u0131 bulunuyor. Kar\u015f\u0131yaka&#8217;da camia ise Dan\u0131\u015fma Kurulu Lideri Hasan Denizkurdu&#8217;nun davetiyle 22 Ocak&#8217;ta \u015firketle\u015fmeyi g\u00f6r\u00fc\u015fmek i\u00e7in toplanacak.<\/p>\n<\/div>\n","protected":false},"excerpt":{"rendered":"<p>Kar\u015f\u0131yaka Spor Kul\u00fcb\u00fc, idare krizini a\u015farak tescil s\u00fcre\u00e7lerini tamamlad\u0131 ve imza yetkisi konusunda belirsizlik devam ediyor.<\/p>\n","protected":false},"author":1,"featured_media":3822,"comment_status":"open","ping_status":"open","sticky":false,"template":"","format":"standard","meta":{"footnotes":""},"categories":[10],"tags":[121],"class_list":["post-3821","post","type-post","status-publish","format-standard","has-post-thumbnail","hentry","category-basketbol","tag-karsiyaka"],"_links":{"self":[{"href":"https:\/\/haberbesiktas.tr\/index.php?rest_route=\/wp\/v2\/posts\/3821","targetHints":{"allow":["GET"]}}],"collection":[{"href":"https:\/\/haberbesiktas.tr\/index.php?rest_route=\/wp\/v2\/posts"}],"about":[{"href":"https:\/\/haberbesiktas.tr\/index.php?rest_route=\/wp\/v2\/types\/post"}],"author":[{"embeddable":true,"href":"https:\/\/haberbesiktas.tr\/index.php?rest_route=\/wp\/v2\/users\/1"}],"replies":[{"embeddable":true,"href":"https:\/\/haberbesiktas.tr\/index.php?rest_route=%2Fwp%2Fv2%2Fcomments&post=3821"}],"version-history":[{"count":1,"href":"https:\/\/haberbesiktas.tr\/index.php?rest_route=\/wp\/v2\/posts\/3821\/revisions"}],"predecessor-version":[{"id":3823,"href":"https:\/\/haberbesiktas.tr\/index.php?rest_route=\/wp\/v2\/posts\/3821\/revisions\/3823"}],"wp:featuredmedia":[{"embeddable":true,"href":"https:\/\/haberbesiktas.tr\/index.php?rest_route=\/wp\/v2\/media\/3822"}],"wp:attachment":[{"href":"https:\/\/haberbesiktas.tr\/index.php?rest_route=%2Fwp%2Fv2%2Fmedia&parent=3821"}],"wp:term":[{"taxonomy":"category","embeddable":true,"href":"https:\/\/haberbesiktas.tr\/index.php?rest_route=%2Fwp%2Fv2%2Fcategories&post=3821"},{"taxonomy":"post_tag","embeddable":true,"href":"https:\/\/haberbesiktas.tr\/index.php?rest_route=%2Fwp%2Fv2%2Ftags&post=3821"}],"curies":[{"name":"wp","href":"https:\/\/api.w.org\/{rel}","templated":true}]}}