{"id":38210,"date":"2025-06-16T12:00:15","date_gmt":"2025-06-16T12:00:15","guid":{"rendered":"https:\/\/haberbesiktas.tr\/?p=38210"},"modified":"2025-06-16T12:00:15","modified_gmt":"2025-06-16T12:00:15","slug":"fenerbahcenin-kader-maci-trabzonspor","status":"publish","type":"post","link":"https:\/\/haberbesiktas.tr\/?p=38210","title":{"rendered":"Fenerbah\u00e7e&#8217;nin kader ma\u00e7\u0131: Trabzonspor"},"content":{"rendered":"<div>Jose Mourinho&#8217;nun idaresinde Fenerbah\u00e7e, 3 kupa amac\u0131yla ba\u015flad\u0131\u011f\u0131 d\u00f6nemde pe\u015f pe\u015fe hayal k\u0131r\u0131kl\u0131klar\u0131 ya\u015fad\u0131.<\/p>\n<p> Evvel UEFA Avrupa Ligi&#8217;ne Rangers kar\u015f\u0131s\u0131nda havlu atan Sar\u0131-Lacivertliler, ligde ezeli rakibi Galatasaray&#8217;a Kad\u0131k\u00f6y&#8217;de ma\u011flup olarak Ziraat T\u00fcrkiye Kupas\u0131&#8217;ndan da elendi.<\/p>\n<p> Art\u0131k Fenerbah\u00e7e&#8217;nin elinde sadece lig kald\u0131.<\/p>\n<p> Sar\u0131-Lacivertliler, bir ma\u00e7 eksi\u011fiyle ba\u015fkan Galatasaray&#8217;\u0131n 6 puan gerisinde yer al\u0131yor. Bu hafta Sar\u0131-K\u0131rm\u0131z\u0131l\u0131lar BAY ge\u00e7ecek. Fenerbah\u00e7e, kazan\u0131rsa fark\u0131 3 puana indirecek.<\/p>\n<p> <strong>RAK\u0130P TRABZONSPOR<\/strong><\/p>\n<p> Lakin Fenerbah\u00e7e&#8217;nin bu haftaki rakibi, her ne kadar mak\u00fbs bir d\u00f6nem ge\u00e7irse de Trabzonspor&#8230; Bordo-Mavililer de yeni teknik y\u00f6neticileri Fatih Tekke idaresinde en az\u0131ndan d\u00f6nemi \u00e2l\u00e2 bitirmek, ayr\u0131yeten Fenerbah\u00e7e galibiyetiyle taraftarlar\u0131n\u0131 teselli etmeyi hedefliyor.<\/p>\n<p> <strong>KADER MA\u00c7I<\/strong><\/p>\n<p> Jose Mourinho ve \u00f6\u011frencileri i\u00e7in pazar g\u00fcn\u00fc oynanacak ma\u00e7, tahminen de d\u00f6nemin mukadderat\u0131n\u0131 belirleyecek. Al\u0131nacak bir galibiyet, kupa derbisi hezimetinin h\u00fczn\u00fcn\u00fc bitirmekle kalmayacak, ba\u015fkan Galatasaray ile fark 3&#8217;e indirilip rakip \u00fczerindeki bask\u0131 uygunca artacak. Lakin m\u00fcmk\u00fcn bir yenilgide tahminen de \u015fampiyonluk yar\u0131\u015f\u0131na da havlu at\u0131lacak. Sar\u0131-Lacivertliler&#8217;de beraberlik bile b\u00fcy\u00fck bir f\u0131rsat\u0131n tepilmesi manas\u0131na gelecek.\u00a0\u00a0<\/p>\n<p> \u00a0<\/p>\n<\/div>\n","protected":false},"excerpt":{"rendered":"<p>Fenerbah\u00e7e, 3 kupa gayesiyle ba\u015flad\u0131\u011f\u0131 d\u00f6nemde pe\u015f pe\u015fe hayal k\u0131r\u0131kl\u0131klar\u0131 ya\u015fad\u0131. Pazar g\u00fcn\u00fc Trabzonspor kar\u015f\u0131s\u0131nda al\u0131nacak sonu\u00e7, d\u00f6nemin baht\u0131n\u0131 belirleyebilir.<\/p>\n","protected":false},"author":1,"featured_media":38211,"comment_status":"open","ping_status":"open","sticky":false,"template":"","format":"standard","meta":{"footnotes":""},"categories":[25],"tags":[115],"class_list":["post-38210","post","type-post","status-publish","format-standard","has-post-thumbnail","hentry","category-futbol","tag-fenerbahce"],"_links":{"self":[{"href":"https:\/\/haberbesiktas.tr\/index.php?rest_route=\/wp\/v2\/posts\/38210","targetHints":{"allow":["GET"]}}],"collection":[{"href":"https:\/\/haberbesiktas.tr\/index.php?rest_route=\/wp\/v2\/posts"}],"about":[{"href":"https:\/\/haberbesiktas.tr\/index.php?rest_route=\/wp\/v2\/types\/post"}],"author":[{"embeddable":true,"href":"https:\/\/haberbesiktas.tr\/index.php?rest_route=\/wp\/v2\/users\/1"}],"replies":[{"embeddable":true,"href":"https:\/\/haberbesiktas.tr\/index.php?rest_route=%2Fwp%2Fv2%2Fcomments&post=38210"}],"version-history":[{"count":1,"href":"https:\/\/haberbesiktas.tr\/index.php?rest_route=\/wp\/v2\/posts\/38210\/revisions"}],"predecessor-version":[{"id":38212,"href":"https:\/\/haberbesiktas.tr\/index.php?rest_route=\/wp\/v2\/posts\/38210\/revisions\/38212"}],"wp:featuredmedia":[{"embeddable":true,"href":"https:\/\/haberbesiktas.tr\/index.php?rest_route=\/wp\/v2\/media\/38211"}],"wp:attachment":[{"href":"https:\/\/haberbesiktas.tr\/index.php?rest_route=%2Fwp%2Fv2%2Fmedia&parent=38210"}],"wp:term":[{"taxonomy":"category","embeddable":true,"href":"https:\/\/haberbesiktas.tr\/index.php?rest_route=%2Fwp%2Fv2%2Fcategories&post=38210"},{"taxonomy":"post_tag","embeddable":true,"href":"https:\/\/haberbesiktas.tr\/index.php?rest_route=%2Fwp%2Fv2%2Ftags&post=38210"}],"curies":[{"name":"wp","href":"https:\/\/api.w.org\/{rel}","templated":true}]}}