{"id":3824,"date":"2025-01-15T17:19:05","date_gmt":"2025-01-15T17:19:05","guid":{"rendered":"https:\/\/haberbesiktas.tr\/?p=3824"},"modified":"2025-01-15T17:19:05","modified_gmt":"2025-01-15T17:19:05","slug":"hansi-flickten-dani-olmo-aciklamasi","status":"publish","type":"post","link":"https:\/\/haberbesiktas.tr\/?p=3824","title":{"rendered":"Hansi Flick&#8217;ten Dani Olmo a\u00e7\u0131klamas\u0131!"},"content":{"rendered":"<div>Barcelona Teknik Y\u00f6neticisi Hansi Flick, Real Madrid ile oynayacaklar\u0131 \u0130spanya \u00dcst\u00fcn Kupa ma\u00e7\u0131 \u00f6ncesi a\u00e7\u0131klamalar yapt\u0131.<\/p>\n<p> Hansi Flick yapt\u0131\u011f\u0131 a\u00e7\u0131klamada, &#8220;Ligde Real Madrid&#8217;i 4-0 yendi\u011fimiz ma\u00e7taki plan\u0131m\u0131z\u0131n birebirini alana yans\u0131tmaya \u00e7al\u0131\u015faca\u011f\u0131z. Oyun \u015feklimizin de\u011fi\u015fece\u011fini d\u00fc\u015f\u00fcnm\u00fcyorum. Birebir ideolojiye sad\u0131k kalaca\u011f\u0131z.&#8221; dedi.<\/p>\n<p> <strong>&#8220;B\u0130R\u00c7OK F\u0130NAL OYNADIM&#8221;<\/strong><\/p>\n<p> Alman teknik adam, &#8220;Bu, Barcelona Teknik Y\u00f6neticisi olarak birinci finalim olacak ancak daha evvel bir\u00e7ok final ma\u00e7\u0131 oynad\u0131m.&#8221; tabirlerini kulland\u0131.<\/p>\n<p> <strong>&#8220;REAL&#8217;E KAR\u015eI OYNAYACAK&#8221;<\/strong><\/p>\n<p>Zor da olsa lisans\u0131 \u00e7\u0131kar\u0131lan Dani Olmo i\u00e7in de konu\u015fan Flick, &#8220;Olmo haz\u0131r. Real Madrid ma\u00e7\u0131nda oynayacak durumda.&#8221; diye konu\u015ftu.<\/p>\n<p> Kaleci tercihine de de\u011finen tecr\u00fcbeli teknik adam, &#8220;\u0130lk 11 hakk\u0131nda konu\u015famam. Szczesny iki \u015fahane ma\u00e7 \u00e7\u0131kard\u0131. Inaki Pena ise s\u00fcper bir d\u00f6nem ge\u00e7irdi. Herkes bunu merak etse de benim karar\u0131m belirli.&#8221; dedi.<\/p>\n<p> \u00a0<\/p>\n<\/div>\n","protected":false},"excerpt":{"rendered":"<p>Barcelona Teknik Y\u00f6neticisi Hansi Flick, Real Madrid ile oynayacaklar\u0131 \u0130spanya Muhte\u015fem Kupa ma\u00e7\u0131 \u00f6ncesi a\u00e7\u0131klamalarda bulundu.<\/p>\n","protected":false},"author":1,"featured_media":3825,"comment_status":"open","ping_status":"open","sticky":false,"template":"","format":"standard","meta":{"footnotes":""},"categories":[25],"tags":[50],"class_list":["post-3824","post","type-post","status-publish","format-standard","has-post-thumbnail","hentry","category-futbol","tag-mac"],"_links":{"self":[{"href":"https:\/\/haberbesiktas.tr\/index.php?rest_route=\/wp\/v2\/posts\/3824","targetHints":{"allow":["GET"]}}],"collection":[{"href":"https:\/\/haberbesiktas.tr\/index.php?rest_route=\/wp\/v2\/posts"}],"about":[{"href":"https:\/\/haberbesiktas.tr\/index.php?rest_route=\/wp\/v2\/types\/post"}],"author":[{"embeddable":true,"href":"https:\/\/haberbesiktas.tr\/index.php?rest_route=\/wp\/v2\/users\/1"}],"replies":[{"embeddable":true,"href":"https:\/\/haberbesiktas.tr\/index.php?rest_route=%2Fwp%2Fv2%2Fcomments&post=3824"}],"version-history":[{"count":1,"href":"https:\/\/haberbesiktas.tr\/index.php?rest_route=\/wp\/v2\/posts\/3824\/revisions"}],"predecessor-version":[{"id":3826,"href":"https:\/\/haberbesiktas.tr\/index.php?rest_route=\/wp\/v2\/posts\/3824\/revisions\/3826"}],"wp:featuredmedia":[{"embeddable":true,"href":"https:\/\/haberbesiktas.tr\/index.php?rest_route=\/wp\/v2\/media\/3825"}],"wp:attachment":[{"href":"https:\/\/haberbesiktas.tr\/index.php?rest_route=%2Fwp%2Fv2%2Fmedia&parent=3824"}],"wp:term":[{"taxonomy":"category","embeddable":true,"href":"https:\/\/haberbesiktas.tr\/index.php?rest_route=%2Fwp%2Fv2%2Fcategories&post=3824"},{"taxonomy":"post_tag","embeddable":true,"href":"https:\/\/haberbesiktas.tr\/index.php?rest_route=%2Fwp%2Fv2%2Ftags&post=3824"}],"curies":[{"name":"wp","href":"https:\/\/api.w.org\/{rel}","templated":true}]}}