{"id":3827,"date":"2025-01-15T17:30:57","date_gmt":"2025-01-15T17:30:57","guid":{"rendered":"https:\/\/haberbesiktas.tr\/?p=3827"},"modified":"2025-01-15T17:30:57","modified_gmt":"2025-01-15T17:30:57","slug":"ancelotti-el-clasicoda-kendimize-guveniyoruz","status":"publish","type":"post","link":"https:\/\/haberbesiktas.tr\/?p=3827","title":{"rendered":"Ancelotti: &#8220;El Clasico&#8217;da kendimize g\u00fcveniyoruz&#8221;"},"content":{"rendered":"<div>Real Madrid Teknik Y\u00f6neticisi Carlo Ancelotti, \u0130spanya Harika Kupa finalinde Barcelona ile oynayacaklar\u0131 ma\u00e7 \u00f6ncesinde konu\u015ftu.<\/p>\n<p><strong>&#8220;KEND\u0130M\u0130ZE \u00c7OK G\u00dcVEN\u0130YORUZ&#8221;<\/strong><\/p>\n<p> <strong>&#8220;Barcelona kar\u015f\u0131s\u0131nda El Clasico&#8217;da kendimize \u00e7ok g\u00fcveniyoruz.&#8221;<\/strong> diyen \u0130talyan teknik adam, <strong>&#8220;Barcelona, yenilmesi s\u0131k\u0131nt\u0131 ve rekabet\u00e7i bir grup. Bizim i\u00e7in s\u0131k\u0131nt\u0131 olacak lakin onlar i\u00e7in de s\u0131k\u0131nt\u0131 olacak.&#8221;<\/strong> tabirlerini kulland\u0131.<\/p>\n<p> \u00dcst\u00fcn Kupa&#8217;n\u0131n de\u011ferine dikkat \u00e7eken Ancelotti,<strong> &#8220;Sezon ortas\u0131nda Muhte\u015fem Kupa&#8217;y\u0131 kazanmak her vakit moral ve itimat verir. Bu \u00e7ok de\u011ferli bir kupa.&#8221;<\/strong> kelamlar\u0131n\u0131 sarf etti.<\/p>\n<p><strong>&#8220;KADRODA S\u00dcRPR\u0130Z OLMAYACAK&#8221;<\/strong><\/p>\n<p> T\u00fcm oyuncular\u0131n\u0131n haz\u0131r durumda oldu\u011funu s\u00f6yleyen ba\u015far\u0131l\u0131 teknik adam, <strong>&#8220;Barcelona kar\u015f\u0131s\u0131nda birinci 11&#8217;imizde rastgele bir s\u00fcrpriz olmayacak.&#8221;<\/strong> diye konu\u015ftu.<\/p>\n<p><strong>12 OFSAYT<\/strong><\/p>\n<p> Barcelona kar\u015f\u0131s\u0131nda ligde ald\u0131klar\u0131 4-0&#8217;l\u0131k ma\u011flubiyet ve bu m\u00fcsabakada 12 sefer ofsayta d\u00fc\u015fmeleri hat\u0131rlat\u0131lan Ancelotti, <strong>&#8220;Bu g\u00f6zden ge\u00e7irdi\u011fimiz ve tart\u0131\u015ft\u0131\u011f\u0131m\u0131z de\u011ferli bir detay.&#8221;<\/strong> dedi.<\/p>\n<p> Real Madrid ile Barcelona, \u0130spanya \u00dcst\u00fcn Kupa finalinde 12 Ocak Pazar g\u00fcn\u00fc saat 22.00&#8217;de kar\u015f\u0131 kar\u015f\u0131ya gelecek. Gayret Suudi Arabistan&#8217;da oynanacak.<\/p>\n<\/div>\n","protected":false},"excerpt":{"rendered":"<p>Real Madrid Teknik Y\u00f6neticisi Carlo Ancelotti, Barcelona ile oynayacaklar\u0131 ma\u00e7 \u00f6ncesi a\u00e7\u0131klamalarda bulundu.<\/p>\n","protected":false},"author":1,"featured_media":3828,"comment_status":"open","ping_status":"open","sticky":false,"template":"","format":"standard","meta":{"footnotes":""},"categories":[25],"tags":[307,120],"class_list":["post-3827","post","type-post","status-publish","format-standard","has-post-thumbnail","hentry","category-futbol","tag-barcelona","tag-kupa"],"_links":{"self":[{"href":"https:\/\/haberbesiktas.tr\/index.php?rest_route=\/wp\/v2\/posts\/3827","targetHints":{"allow":["GET"]}}],"collection":[{"href":"https:\/\/haberbesiktas.tr\/index.php?rest_route=\/wp\/v2\/posts"}],"about":[{"href":"https:\/\/haberbesiktas.tr\/index.php?rest_route=\/wp\/v2\/types\/post"}],"author":[{"embeddable":true,"href":"https:\/\/haberbesiktas.tr\/index.php?rest_route=\/wp\/v2\/users\/1"}],"replies":[{"embeddable":true,"href":"https:\/\/haberbesiktas.tr\/index.php?rest_route=%2Fwp%2Fv2%2Fcomments&post=3827"}],"version-history":[{"count":1,"href":"https:\/\/haberbesiktas.tr\/index.php?rest_route=\/wp\/v2\/posts\/3827\/revisions"}],"predecessor-version":[{"id":3829,"href":"https:\/\/haberbesiktas.tr\/index.php?rest_route=\/wp\/v2\/posts\/3827\/revisions\/3829"}],"wp:featuredmedia":[{"embeddable":true,"href":"https:\/\/haberbesiktas.tr\/index.php?rest_route=\/wp\/v2\/media\/3828"}],"wp:attachment":[{"href":"https:\/\/haberbesiktas.tr\/index.php?rest_route=%2Fwp%2Fv2%2Fmedia&parent=3827"}],"wp:term":[{"taxonomy":"category","embeddable":true,"href":"https:\/\/haberbesiktas.tr\/index.php?rest_route=%2Fwp%2Fv2%2Fcategories&post=3827"},{"taxonomy":"post_tag","embeddable":true,"href":"https:\/\/haberbesiktas.tr\/index.php?rest_route=%2Fwp%2Fv2%2Ftags&post=3827"}],"curies":[{"name":"wp","href":"https:\/\/api.w.org\/{rel}","templated":true}]}}