{"id":38274,"date":"2025-06-16T16:12:11","date_gmt":"2025-06-16T16:12:11","guid":{"rendered":"https:\/\/haberbesiktas.tr\/?p=38274"},"modified":"2025-06-16T16:12:11","modified_gmt":"2025-06-16T16:12:11","slug":"tadicin-ardindan-szymanski-de-dalya-diyecek","status":"publish","type":"post","link":"https:\/\/haberbesiktas.tr\/?p=38274","title":{"rendered":"Tadic&#8217;in ard\u0131ndan Szymanski de &#8216;dalya&#8217; diyecek!"},"content":{"rendered":"<div>Fenerbah\u00e7e&#8217;nin Polonyal\u0131 y\u0131ld\u0131z\u0131 Sebastian Szymanski, Trabzonspor kar\u015f\u0131s\u0131nda forma giymesi halinde sar\u0131-lacivertli ekipteki 100. resmi ma\u00e7\u0131na \u00e7\u0131kacak.<\/p>\n<p> Fenerbah\u00e7e&#8217;ye 2023-2024 d\u00f6nemi ba\u015f\u0131nda transfer olan Szymanski, \u0130smail Kartal&#8217;\u0131n vazge\u00e7medi\u011fi isimlerden birisi olurken, bu d\u00f6nem da Jose Mourinho&#8217;nun en fazla baht verdi\u011fi oyuncular ortas\u0131nda yer ald\u0131.<\/p>\n<p> Sar\u0131-lacivertli formayla ge\u00e7en d\u00f6nem 58 resmi ma\u00e7\u0131n 55&#8217;inde forma giyen 25 ya\u015f\u0131ndaki futbolcu, s\u0131rf 3 m\u00fcsabakada alana \u00e7\u0131kmad\u0131.<\/p>\n<p> Galatasaray ile \u015eanl\u0131urfa&#8217;da oynanan ve Fenerbah\u00e7e&#8217;nin 19 ya\u015f alt\u0131 kadrosuyla \u00e7\u0131kt\u0131\u011f\u0131 fakat tamamlanamayan u\u011fra\u015fta tak\u0131mda olmayan Sebastian Szymanski, bu kar\u015f\u0131la\u015fma d\u0131\u015f\u0131nda sadece 2 ma\u00e7ta oynamad\u0131.<\/p>\n<p> Ziraat T\u00fcrkiye Kupas\u0131&#8217;nda birinci cins \u00e7abas\u0131nda Fenerbah\u00e7e, Adanaspor&#8217;u 6-0&#8217;l\u0131k skorla ge\u00e7erken, Szymanski tak\u0131mda olmas\u0131na ra\u011fmen m\u00fchlet almam\u0131\u015ft\u0131.<\/p>\n<p> Y\u0131ld\u0131z futbolcu, ge\u00e7en d\u00f6nem Fatih Karag\u00fcmr\u00fck ile 32. haftada oynanan S\u00fcper Lig kar\u015f\u0131la\u015fmas\u0131nda ise cezas\u0131 sebebiyle forma giyememi\u015fti.<\/p>\n<p> <strong>UEFA Konferans Ligi&#8217;nde ma\u00e7 ka\u00e7\u0131rmad\u0131<\/strong><\/p>\n<p> Ge\u00e7en d\u00f6nem ligdeki 38 ma\u00e7\u0131n 37&#8217;sinde forma giyen Sebastian Szymanski, sar\u0131-lacivertli grubun UEFA Konferans Ligi&#8217;nde uzunluk g\u00f6sterdi\u011fi 16 ma\u00e7ta da alana \u00e7\u0131kt\u0131.<\/p>\n<p> Bu d\u00f6nemde sakatl\u0131k ya\u015famayan Polonyal\u0131 oyuncu, ligdeki kar\u015f\u0131la\u015fmalarda ise sar\u0131 kart cezas\u0131 sebebiyle sadece 1 ma\u00e7 ka\u00e7\u0131rd\u0131.<\/p>\n<p> UEFA Konferans Ligi&#8217;nde 16 ma\u00e7ta 997 dakika alanda kalan Szymanski, bu ma\u00e7larda 3 gol at\u0131p 7 de asist yapt\u0131.<\/p>\n<p> Ligdeki 37 u\u011fra\u015fta 2 bin 899 dakika forma giyen y\u0131ld\u0131z oyuncu, kadrosuna 10 gol, 12 asistlik katk\u0131 sa\u011flarken 4 de sar\u0131 kart g\u00f6rd\u00fc.<\/p>\n<p> Polonyal\u0131 futbolcu, ge\u00e7en d\u00f6nem Ziraat T\u00fcrkiye Kupas\u0131&#8217;nda ise 2 ma\u00e7ta 68 dakika m\u00fcddet ald\u0131.<\/p>\n<p> Fenerbah\u00e7e&#8217;deki birinci d\u00f6neminde 58 resmi ma\u00e7\u0131n 55&#8217;inde forma giyen Szymanski, bu m\u00fcsabakalarda 3 bin 964 dakika forma giyerken 13 gol att\u0131, 19 da asist yapt\u0131.<\/p>\n<p> <strong>\u0130stikrar\u0131n\u0131 s\u00fcrd\u00fcrd\u00fc<\/strong><\/p>\n<p> \u0130smail Kartal&#8217;\u0131n ge\u00e7en d\u00f6nem 55 ma\u00e7ta alana s\u00fcrd\u00fc\u011f\u00fc Sebastian Szymanski, Jose Mourinho&#8217;nun grubun ba\u015f\u0131na ge\u00e7mesinin akabinde da istikrar\u0131n\u0131 korudu.<\/p>\n<p> Sar\u0131-lacivertli tak\u0131m\u0131n bu d\u00f6nem oynad\u0131\u011f\u0131 47 resmi ma\u00e7\u0131n 44&#8217;\u00fcnde forma giyen Polonyal\u0131 futbolcu, s\u0131rf 3 ma\u00e7ta alana \u00e7\u0131kmad\u0131.<\/p>\n<p> Ziraat T\u00fcrkiye Kupas\u0131&#8217;ndaki Erzurumspor FK ve Gaziantep FK ma\u00e7lar\u0131nda tak\u0131mda olmas\u0131na ra\u011fmen m\u00fchlet almayan Sebastian Szymanski, ligde ise Kas\u0131mpa\u015fa gayretinde cezas\u0131 sebebiyle forma giyemedi.<\/p>\n<p> Ligde oynanan 27 ma\u00e7\u0131n 26&#8217;s\u0131nda m\u00fcddet alan 25 ya\u015f\u0131ndaki oyuncu, bu ma\u00e7larda 1825 dakika alanda kal\u0131rken 3 gol att\u0131, 5 asist yapt\u0131, 4 de sar\u0131 kart g\u00f6rd\u00fc.<\/p>\n<p> UEFA \u015eampiyonlar Ligi Elemeleri ve UEFA Avrupa Ligi&#8217;nde kadrosunun oynad\u0131\u011f\u0131 16 ma\u00e7\u0131n tamam\u0131nda alana \u00e7\u0131kan Szymanski, 1356 dakika m\u00fchlet al\u0131rken 3 kere gol sevinci ya\u015fad\u0131, 4 de asist yapt\u0131.<\/p>\n<p> Ziraat T\u00fcrkiye Kupas\u0131&#8217;nda bu d\u00f6nem 2 ma\u00e7ta forma giyen Szymanski, 135 dakikaya 1 gol s\u0131\u011fd\u0131r\u0131rken 1 de sar\u0131 kart g\u00f6rd\u00fc.<\/p>\n<p> <strong>Tadic&#8217;in akabinde ikinci s\u0131rada<\/strong><\/p>\n<p> Sebastian Szymanski, Fenerbah\u00e7e tarihinde 100. resmi ma\u00e7\u0131na en s\u00fcratli \u00e7\u0131kan ikinci futbolcu olmaya haz\u0131rlan\u0131yor.<\/p>\n<p> Ge\u00e7en hafta Sipay Bodrum FK kar\u015f\u0131s\u0131nda Fenerbah\u00e7e formas\u0131n\u0131 100. defa giyen S\u0131rp y\u0131ld\u0131z Dusan Tadic, kul\u00fcp tarihinde bu say\u0131ya ikinci d\u00f6neminde ula\u015fan birinci futbolcu olmu\u015ftu.<\/p>\n<p> Sebastian Szymanski de, Dusan Tadic \u00fczere birinci iki d\u00f6neminde Fenerbah\u00e7e formas\u0131n\u0131 100. defa giymeye haz\u0131rlan\u0131rken, bu say\u0131ya en s\u00fcratli ula\u015fan ikinci futbolcu olmay\u0131 ba\u015faracak.<\/p>\n<p> 2023-2024 ve 2024-2025 d\u00f6nemlerinde Fenerbah\u00e7e formas\u0131yla 63&#8217;\u00fc S\u00fcper Lig olmak \u00fczere 99 resmi kar\u015f\u0131la\u015fmaya \u00e7\u0131kan Sebastian Szymanski, bu ma\u00e7larda 7 bin 280 dakika alanda kal\u0131rken 20 gol at\u0131p 28 asist yapt\u0131.<\/p>\n<\/div>\n","protected":false},"excerpt":{"rendered":"<p>Fenerbah\u00e7e&#8217;nin Polonyal\u0131 futbolcusu Sebastian Szymanski, Trabzonspor kar\u015f\u0131s\u0131nda sar\u0131-lacivertli formayla 100. resmi ma\u00e7\u0131na \u00e7\u0131kmaya haz\u0131rlan\u0131rken, bu say\u0131ya en s\u00fcratli ula\u015fan ikinci isim olarak tarihe ge\u00e7ecek.<\/p>\n","protected":false},"author":1,"featured_media":38275,"comment_status":"open","ping_status":"open","sticky":false,"template":"","format":"standard","meta":{"footnotes":""},"categories":[25],"tags":[109,115,51,50,605],"class_list":["post-38274","post","type-post","status-publish","format-standard","has-post-thumbnail","hentry","category-futbol","tag-dakika","tag-fenerbahce","tag-lig","tag-mac","tag-sari"],"_links":{"self":[{"href":"https:\/\/haberbesiktas.tr\/index.php?rest_route=\/wp\/v2\/posts\/38274","targetHints":{"allow":["GET"]}}],"collection":[{"href":"https:\/\/haberbesiktas.tr\/index.php?rest_route=\/wp\/v2\/posts"}],"about":[{"href":"https:\/\/haberbesiktas.tr\/index.php?rest_route=\/wp\/v2\/types\/post"}],"author":[{"embeddable":true,"href":"https:\/\/haberbesiktas.tr\/index.php?rest_route=\/wp\/v2\/users\/1"}],"replies":[{"embeddable":true,"href":"https:\/\/haberbesiktas.tr\/index.php?rest_route=%2Fwp%2Fv2%2Fcomments&post=38274"}],"version-history":[{"count":1,"href":"https:\/\/haberbesiktas.tr\/index.php?rest_route=\/wp\/v2\/posts\/38274\/revisions"}],"predecessor-version":[{"id":38276,"href":"https:\/\/haberbesiktas.tr\/index.php?rest_route=\/wp\/v2\/posts\/38274\/revisions\/38276"}],"wp:featuredmedia":[{"embeddable":true,"href":"https:\/\/haberbesiktas.tr\/index.php?rest_route=\/wp\/v2\/media\/38275"}],"wp:attachment":[{"href":"https:\/\/haberbesiktas.tr\/index.php?rest_route=%2Fwp%2Fv2%2Fmedia&parent=38274"}],"wp:term":[{"taxonomy":"category","embeddable":true,"href":"https:\/\/haberbesiktas.tr\/index.php?rest_route=%2Fwp%2Fv2%2Fcategories&post=38274"},{"taxonomy":"post_tag","embeddable":true,"href":"https:\/\/haberbesiktas.tr\/index.php?rest_route=%2Fwp%2Fv2%2Ftags&post=38274"}],"curies":[{"name":"wp","href":"https:\/\/api.w.org\/{rel}","templated":true}]}}