{"id":38277,"date":"2025-06-16T16:24:10","date_gmt":"2025-06-16T16:24:10","guid":{"rendered":"https:\/\/haberbesiktas.tr\/?p=38277"},"modified":"2025-06-16T16:24:10","modified_gmt":"2025-06-16T16:24:10","slug":"antalyaspor-samsunsporu-konuk-edecek","status":"publish","type":"post","link":"https:\/\/haberbesiktas.tr\/?p=38277","title":{"rendered":"Antalyaspor, Samsunspor&#8217;u konuk edecek"},"content":{"rendered":"<div>Onvo Antalyaspor, Trendyol Harika Lig&#8217;in 30. haftas\u0131nda cumartesi g\u00fcn\u00fc Reeder Samsunspor ile kar\u015f\u0131la\u015facak.<\/p>\n<p> Corendon Airlines Park Antalya Stad\u0131&#8217;nda oynanacak ve saat 19.00&#8217;da ba\u015flayacak kar\u015f\u0131la\u015fmay\u0131 hakem \u00dcmit \u00d6zt\u00fcrk y\u00f6netecek.<\/p>\n<p> S\u00fcper Lig&#8217;de \u00e7\u0131kt\u0131\u011f\u0131 28 kar\u015f\u0131la\u015fmada 10 galibiyet, 6 beraberlik, 12 yenilgi ya\u015fayan Akdeniz temsilcisi, 36 puan toplad\u0131.<\/p>\n<p> Son 3 i\u00e7 saha ma\u00e7\u0131n\u0131 kazanan Antalyaspor&#8217;da sakatl\u0131klar\u0131 s\u00fcren Erdo\u011fan Ye\u015filyurt, Emre Uzun ve Bahad\u0131r \u00d6zt\u00fcrk d\u0131\u015f\u0131nda eksik bulunmuyor.<\/p>\n<p> Onvo Antalyaspor, Reeder Samsunspor ile d\u00f6nemin birinci yar\u0131s\u0131nda oynad\u0131\u011f\u0131 kar\u015f\u0131la\u015fmay\u0131 2-0 kaybetti.<\/p>\n<\/div>\n","protected":false},"excerpt":{"rendered":"<p>Onvo Antalyaspor, Trendyol Muhte\u015fem Lig&#8217;in 30. haftas\u0131nda cumartesi g\u00fcn\u00fc Reeder Samsunspor&#8217;u alan\u0131nda a\u011f\u0131rlayacak.<\/p>\n","protected":false},"author":1,"featured_media":38278,"comment_status":"open","ping_status":"open","sticky":false,"template":"","format":"standard","meta":{"footnotes":""},"categories":[25],"tags":[],"class_list":["post-38277","post","type-post","status-publish","format-standard","has-post-thumbnail","hentry","category-futbol"],"_links":{"self":[{"href":"https:\/\/haberbesiktas.tr\/index.php?rest_route=\/wp\/v2\/posts\/38277","targetHints":{"allow":["GET"]}}],"collection":[{"href":"https:\/\/haberbesiktas.tr\/index.php?rest_route=\/wp\/v2\/posts"}],"about":[{"href":"https:\/\/haberbesiktas.tr\/index.php?rest_route=\/wp\/v2\/types\/post"}],"author":[{"embeddable":true,"href":"https:\/\/haberbesiktas.tr\/index.php?rest_route=\/wp\/v2\/users\/1"}],"replies":[{"embeddable":true,"href":"https:\/\/haberbesiktas.tr\/index.php?rest_route=%2Fwp%2Fv2%2Fcomments&post=38277"}],"version-history":[{"count":1,"href":"https:\/\/haberbesiktas.tr\/index.php?rest_route=\/wp\/v2\/posts\/38277\/revisions"}],"predecessor-version":[{"id":38279,"href":"https:\/\/haberbesiktas.tr\/index.php?rest_route=\/wp\/v2\/posts\/38277\/revisions\/38279"}],"wp:featuredmedia":[{"embeddable":true,"href":"https:\/\/haberbesiktas.tr\/index.php?rest_route=\/wp\/v2\/media\/38278"}],"wp:attachment":[{"href":"https:\/\/haberbesiktas.tr\/index.php?rest_route=%2Fwp%2Fv2%2Fmedia&parent=38277"}],"wp:term":[{"taxonomy":"category","embeddable":true,"href":"https:\/\/haberbesiktas.tr\/index.php?rest_route=%2Fwp%2Fv2%2Fcategories&post=38277"},{"taxonomy":"post_tag","embeddable":true,"href":"https:\/\/haberbesiktas.tr\/index.php?rest_route=%2Fwp%2Fv2%2Ftags&post=38277"}],"curies":[{"name":"wp","href":"https:\/\/api.w.org\/{rel}","templated":true}]}}